{"id":13100,"date":"2013-10-16T10:13:29","date_gmt":"2013-10-16T08:13:29","guid":{"rendered":"http:\/\/www.akademianikona.pl\/blog\/?p=13100"},"modified":"2014-01-30T15:18:34","modified_gmt":"2014-01-30T14:18:34","slug":"jesienny-antydepresant","status":"publish","type":"post","link":"https:\/\/www.akademianikona.pl\/blog\/jesienny-antydepresant\/","title":{"rendered":"Jesienny antydepresant :) &#8211; 11-13 pa\u017adziernika 2013 w Namy\u015blinie"},"content":{"rendered":"<div id=\"attachment_13137\" style=\"width: 1565px\" class=\"wp-caption alignnone\"><a href=\"https:\/\/www.akademianikona.pl\/blog\/wp-content\/uploads\/2013\/10\/Marek-7s-1555px.jpg\"><img aria-describedby=\"caption-attachment-13137\" loading=\"lazy\" class=\"size-full wp-image-13137\" alt=\"fot. Marek Dytkowski\" src=\"https:\/\/www.akademianikona.pl\/blog\/wp-content\/uploads\/2013\/10\/Marek-7s-1555px.jpg\" width=\"1555\" height=\"1025\" srcset=\"https:\/\/www.akademianikona.pl\/blog\/wp-content\/uploads\/2013\/10\/Marek-7s-1555px.jpg 1555w, https:\/\/www.akademianikona.pl\/blog\/wp-content\/uploads\/2013\/10\/Marek-7s-1555px-300x197.jpg 300w, https:\/\/www.akademianikona.pl\/blog\/wp-content\/uploads\/2013\/10\/Marek-7s-1555px-1024x674.jpg 1024w, https:\/\/www.akademianikona.pl\/blog\/wp-content\/uploads\/2013\/10\/Marek-7s-1555px-455x300.jpg 455w\" sizes=\"(max-width: 1555px) 100vw, 1555px\" \/><\/a><p id=\"caption-attachment-13137\" class=\"wp-caption-text\">fot. Marek Dytkowski<\/p><\/div>\n<p style=\"text-align: justify;\"><!--more-->Tematy jesiennych zaj\u0119\u0107 to migracje ptak\u00f3w.\u00a0Tu, nad Odr\u0105 i doln\u0105 Wart\u0105, trwa w\u00f3wczas spektakularny przelot tysi\u0119cy g\u0119si i \u017curawi. Skala zjawiska jest trudna do opisania, sk\u0142ada si\u0119 na\u0144 bowiem nie tylko obraz (aparat \u201ewycina\u201d tylko jego fragment) lecz tak\u017ce niesamowite d\u017awi\u0119ki, nastr\u00f3j tajemniczo\u015bci itp. S\u0142owem, nie wyobrazi sobie tego nikt, kto tego nie do\u015bwiadczy\u0142. Cel jaki sobie stawiam podczas jesiennych zaj\u0119\u0107 to umo\u017cliwi\u0107 Uczestnikom \u201edotyk\u201d owego misterium. Zadanie z pozoru do trudnych nie nale\u017cy, ptaki s\u0105 znacznych rozmiar\u00f3w a ich ilo\u015bci ogromne. Jednak jako fotograf mierz\u0105cy si\u0119 rokrocznie z tym arcyciekawym tematem wiem, \u017ce zale\u017cno\u015bci jest tak wiele (zmiany miejsc nocowania ptak\u00f3w, niedost\u0119pno\u015b\u0107 terenu, okrutnie d\u0142ugie dystanse, presja w\u0119dkarzy i my\u015bliwych), \u017ce fotograficznie nale\u017cy on do wyj\u0105tkowo trudnych. St\u0105d pomimo codziennych (w ci\u0105gu ostatnich dw\u00f3ch tygodni) wizyt w terenie by\u0142em pe\u0142en obaw. Mia\u0142em te\u017c jednak podstawy by s\u0105dzi\u0107, \u017ce mo\u017ce si\u0119 uda\u0107.<\/p>\n<div id=\"attachment_13185\" style=\"width: 1565px\" class=\"wp-caption alignnone\"><a href=\"https:\/\/www.akademianikona.pl\/blog\/wp-content\/uploads\/2013\/10\/Maura-6-s1.jpg\"><img aria-describedby=\"caption-attachment-13185\" loading=\"lazy\" class=\"size-full wp-image-13185\" alt=\"fot. Maura \u0141adosz \" src=\"https:\/\/www.akademianikona.pl\/blog\/wp-content\/uploads\/2013\/10\/Maura-6-s1.jpg\" width=\"1555\" height=\"1034\" srcset=\"https:\/\/www.akademianikona.pl\/blog\/wp-content\/uploads\/2013\/10\/Maura-6-s1.jpg 1555w, https:\/\/www.akademianikona.pl\/blog\/wp-content\/uploads\/2013\/10\/Maura-6-s1-300x199.jpg 300w, https:\/\/www.akademianikona.pl\/blog\/wp-content\/uploads\/2013\/10\/Maura-6-s1-1024x680.jpg 1024w, https:\/\/www.akademianikona.pl\/blog\/wp-content\/uploads\/2013\/10\/Maura-6-s1-451x300.jpg 451w\" sizes=\"(max-width: 1555px) 100vw, 1555px\" \/><\/a><p id=\"caption-attachment-13185\" class=\"wp-caption-text\">fot. Maura \u0141adosz<\/p><\/div>\n<div id=\"attachment_13181\" style=\"width: 1565px\" class=\"wp-caption alignnone\"><a href=\"https:\/\/www.akademianikona.pl\/blog\/wp-content\/uploads\/2013\/10\/Marek-s1.jpg\"><img aria-describedby=\"caption-attachment-13181\" loading=\"lazy\" class=\"size-full wp-image-13181\" alt=\"fot. Marek Dytkowski \" src=\"https:\/\/www.akademianikona.pl\/blog\/wp-content\/uploads\/2013\/10\/Marek-s1.jpg\" width=\"1555\" height=\"951\" srcset=\"https:\/\/www.akademianikona.pl\/blog\/wp-content\/uploads\/2013\/10\/Marek-s1.jpg 1555w, https:\/\/www.akademianikona.pl\/blog\/wp-content\/uploads\/2013\/10\/Marek-s1-300x183.jpg 300w, https:\/\/www.akademianikona.pl\/blog\/wp-content\/uploads\/2013\/10\/Marek-s1-1024x626.jpg 1024w, https:\/\/www.akademianikona.pl\/blog\/wp-content\/uploads\/2013\/10\/Marek-s1-490x300.jpg 490w\" sizes=\"(max-width: 1555px) 100vw, 1555px\" \/><\/a><p id=\"caption-attachment-13181\" class=\"wp-caption-text\">fot. Marek Dytkowski<\/p><\/div>\n<p style=\"text-align: justify;\">Pogoda do tzw. \u201efotograficznych\u201d nie nale\u017ca\u0142a. Niebo zachmurzone, wia\u0142o i momentami la\u0142o. Cho\u0107 determinacja Uczestnik\u00f3w jak zwykle by\u0142a wzorowa to tu i \u00f3wdzie wkrada\u0142o si\u0119 delikatne os\u0142abienie entuzjazmu wywo\u0142ane ow\u0105 pogod\u0105. Kilka (w zasadzie dziesi\u0119\u0107) lat temu te\u017c bym si\u0119 waha\u0142 lecz dzi\u015b wiem, \u017ce taka aura mo\u017ce pi\u0119knie odda\u0107 urod\u0119 jesieni, ba dzi\u0119ki niej powstaj\u0105 niepowtarzalne w swej urodzie obrazy. To swoiste \u0142owienie szaro\u015bci w szaro\u015bci &#8211; popielatych \u017curawi w szaro\u015bci jesiennego poranka. Jest w tym co\u015b wyj\u0105tkowego.<\/p>\n<div id=\"attachment_13162\" style=\"width: 1565px\" class=\"wp-caption alignnone\"><a href=\"https:\/\/www.akademianikona.pl\/blog\/wp-content\/uploads\/2013\/10\/w-szaro\u015bciach__-Maura-\u0141adosz.jpg\"><img aria-describedby=\"caption-attachment-13162\" loading=\"lazy\" class=\"size-full wp-image-13162\" alt=\"W szaro\u015bciach - fot. Maura \u0141adosz\" src=\"https:\/\/www.akademianikona.pl\/blog\/wp-content\/uploads\/2013\/10\/w-szaro\u015bciach__-Maura-\u0141adosz.jpg\" width=\"1555\" height=\"1034\" srcset=\"https:\/\/www.akademianikona.pl\/blog\/wp-content\/uploads\/2013\/10\/w-szaro\u015bciach__-Maura-\u0141adosz.jpg 1555w, https:\/\/www.akademianikona.pl\/blog\/wp-content\/uploads\/2013\/10\/w-szaro\u015bciach__-Maura-\u0141adosz-300x199.jpg 300w, https:\/\/www.akademianikona.pl\/blog\/wp-content\/uploads\/2013\/10\/w-szaro\u015bciach__-Maura-\u0141adosz-1024x680.jpg 1024w, https:\/\/www.akademianikona.pl\/blog\/wp-content\/uploads\/2013\/10\/w-szaro\u015bciach__-Maura-\u0141adosz-451x300.jpg 451w\" sizes=\"(max-width: 1555px) 100vw, 1555px\" \/><\/a><p id=\"caption-attachment-13162\" class=\"wp-caption-text\">W szaro\u015bciach &#8211; fot. Maura \u0141adosz<\/p><\/div>\n<div id=\"attachment_13175\" style=\"width: 1565px\" class=\"wp-caption alignnone\"><a href=\"https:\/\/www.akademianikona.pl\/blog\/wp-content\/uploads\/2013\/10\/Marek-5-s1.jpg\"><img aria-describedby=\"caption-attachment-13175\" loading=\"lazy\" class=\"size-full wp-image-13175\" alt=\"fot. Marek Dytkowski \" src=\"https:\/\/www.akademianikona.pl\/blog\/wp-content\/uploads\/2013\/10\/Marek-5-s1.jpg\" width=\"1555\" height=\"1037\" srcset=\"https:\/\/www.akademianikona.pl\/blog\/wp-content\/uploads\/2013\/10\/Marek-5-s1.jpg 1555w, https:\/\/www.akademianikona.pl\/blog\/wp-content\/uploads\/2013\/10\/Marek-5-s1-300x200.jpg 300w, https:\/\/www.akademianikona.pl\/blog\/wp-content\/uploads\/2013\/10\/Marek-5-s1-1024x682.jpg 1024w, https:\/\/www.akademianikona.pl\/blog\/wp-content\/uploads\/2013\/10\/Marek-5-s1-449x300.jpg 449w\" sizes=\"(max-width: 1555px) 100vw, 1555px\" \/><\/a><p id=\"caption-attachment-13175\" class=\"wp-caption-text\">fot. Marek Dytkowski<\/p><\/div>\n<div id=\"attachment_13186\" style=\"width: 1565px\" class=\"wp-caption alignnone\"><a href=\"https:\/\/www.akademianikona.pl\/blog\/wp-content\/uploads\/2013\/10\/Maura-s1.jpg\"><img aria-describedby=\"caption-attachment-13186\" loading=\"lazy\" class=\"size-full wp-image-13186\" alt=\"fot. Maura \u0141adosz \" src=\"https:\/\/www.akademianikona.pl\/blog\/wp-content\/uploads\/2013\/10\/Maura-s1.jpg\" width=\"1555\" height=\"1007\" srcset=\"https:\/\/www.akademianikona.pl\/blog\/wp-content\/uploads\/2013\/10\/Maura-s1.jpg 1555w, https:\/\/www.akademianikona.pl\/blog\/wp-content\/uploads\/2013\/10\/Maura-s1-300x194.jpg 300w, https:\/\/www.akademianikona.pl\/blog\/wp-content\/uploads\/2013\/10\/Maura-s1-1024x663.jpg 1024w, https:\/\/www.akademianikona.pl\/blog\/wp-content\/uploads\/2013\/10\/Maura-s1-463x300.jpg 463w\" sizes=\"(max-width: 1555px) 100vw, 1555px\" \/><\/a><p id=\"caption-attachment-13186\" class=\"wp-caption-text\">fot. Maura \u0141adosz<\/p><\/div>\n<p style=\"text-align: justify;\">Sesje (te zasadnicze &#8211; ptasie) by\u0142y dwie: sobotnia i niedzielna. Pierwsza wymaga\u0142a przej\u015bcia kilku kilometr\u00f3w w egipskich ciemno\u015bciach. Naszym celem by\u0142a jedyna w okolicy k\u0119pa sit\u00f3w pozwalaj\u0105ca cho\u0107 w cz\u0119\u015bci \u201ezgubi\u0107\u201d w oczach ptak\u00f3w nasze ludzkie sylwetki. Tam, w si\u0105pi\u0105cym deszczyku, roz\u0142o\u017ceni w krzese\u0142kach oczekiwali\u015bmy na wsch\u00f3d.<\/p>\n<div id=\"attachment_13155\" style=\"width: 1565px\" class=\"wp-caption alignnone\"><a href=\"https:\/\/www.akademianikona.pl\/blog\/wp-content\/uploads\/2013\/10\/sesja-sobotniego-poranka1.jpg\"><img aria-describedby=\"caption-attachment-13155\" loading=\"lazy\" class=\"size-full wp-image-13155\" alt=\"Sesja sobotniego poranka - fot. Piotr Chara\" src=\"https:\/\/www.akademianikona.pl\/blog\/wp-content\/uploads\/2013\/10\/sesja-sobotniego-poranka1.jpg\" width=\"1555\" height=\"948\" srcset=\"https:\/\/www.akademianikona.pl\/blog\/wp-content\/uploads\/2013\/10\/sesja-sobotniego-poranka1.jpg 1555w, https:\/\/www.akademianikona.pl\/blog\/wp-content\/uploads\/2013\/10\/sesja-sobotniego-poranka1-300x182.jpg 300w, https:\/\/www.akademianikona.pl\/blog\/wp-content\/uploads\/2013\/10\/sesja-sobotniego-poranka1-1024x624.jpg 1024w, https:\/\/www.akademianikona.pl\/blog\/wp-content\/uploads\/2013\/10\/sesja-sobotniego-poranka1-492x300.jpg 492w\" sizes=\"(max-width: 1555px) 100vw, 1555px\" \/><\/a><p id=\"caption-attachment-13155\" class=\"wp-caption-text\">Sesja sobotniego poranka &#8211; fot. Piotr Chara<\/p><\/div>\n<div id=\"attachment_13158\" style=\"width: 1565px\" class=\"wp-caption alignnone\"><a href=\"https:\/\/www.akademianikona.pl\/blog\/wp-content\/uploads\/2013\/10\/w-sobotni-poranek1.jpg\"><img aria-describedby=\"caption-attachment-13158\" loading=\"lazy\" class=\"size-full wp-image-13158\" alt=\"W sobotni poranek - fot. Piotr Chara\" src=\"https:\/\/www.akademianikona.pl\/blog\/wp-content\/uploads\/2013\/10\/w-sobotni-poranek1.jpg\" width=\"1555\" height=\"1092\" srcset=\"https:\/\/www.akademianikona.pl\/blog\/wp-content\/uploads\/2013\/10\/w-sobotni-poranek1.jpg 1555w, https:\/\/www.akademianikona.pl\/blog\/wp-content\/uploads\/2013\/10\/w-sobotni-poranek1-300x210.jpg 300w, https:\/\/www.akademianikona.pl\/blog\/wp-content\/uploads\/2013\/10\/w-sobotni-poranek1-1024x719.jpg 1024w, https:\/\/www.akademianikona.pl\/blog\/wp-content\/uploads\/2013\/10\/w-sobotni-poranek1-427x300.jpg 427w\" sizes=\"(max-width: 1555px) 100vw, 1555px\" \/><\/a><p id=\"caption-attachment-13158\" class=\"wp-caption-text\">W sobotni poranek &#8211; fot. Piotr Chara<\/p><\/div>\n<p style=\"text-align: justify;\">Docieraj\u0105ce zewsz\u0105d niesamowite w swej skali odg\u0142osy wywo\u0142ywa\u0142y dreszczyk emocji i zwiastowa\u0142y przygod\u0119. \u015awiat\u0142o dnia przynios\u0142o nam niesamowity widok tysi\u0119cy \u017curawi \u2013 pi\u0119knych i majestatycznych istot. Karty pami\u0119ci szybko \u201ep\u0119ka\u0142y w szwach\u201d. Powsta\u0142y kompozycje, kt\u00f3rych sam, jako \u201ewytrawny \u0142owca\u201d (chyba mog\u0119 tak siebie nazwa\u0107), poszukuj\u0119 by odda\u0107 majestat tego zjawiska. W sobotnie popo\u0142udnie odwiedzili\u015bmy kolejn\u0105 pere\u0142k\u0119 przyrody, rezerwat D\u0142ugog\u00f3ry. Tam jesie\u0144 pokaza\u0142a sw\u00f3j czar w krajobrazie starego lasu bukowego, niezliczonych pag\u00f3rk\u00f3w, g\u0142az\u00f3w i oczek wodnych. Te\u017c by\u0142o pi\u0119knie.<\/p>\n<div id=\"attachment_13159\" style=\"width: 1565px\" class=\"wp-caption alignnone\"><a href=\"https:\/\/www.akademianikona.pl\/blog\/wp-content\/uploads\/2013\/10\/wieczorna-sesja-w-rezerwacie-__D\u0142ugog\u00f3ry__.jpg\"><img aria-describedby=\"caption-attachment-13159\" loading=\"lazy\" class=\"size-full wp-image-13159\" alt=\"wieczorna sesja w rezerwacie D\u0142ugog\u00f3ry - fot. Piotr Chara\" src=\"https:\/\/www.akademianikona.pl\/blog\/wp-content\/uploads\/2013\/10\/wieczorna-sesja-w-rezerwacie-__D\u0142ugog\u00f3ry__.jpg\" width=\"1555\" height=\"1027\" srcset=\"https:\/\/www.akademianikona.pl\/blog\/wp-content\/uploads\/2013\/10\/wieczorna-sesja-w-rezerwacie-__D\u0142ugog\u00f3ry__.jpg 1555w, https:\/\/www.akademianikona.pl\/blog\/wp-content\/uploads\/2013\/10\/wieczorna-sesja-w-rezerwacie-__D\u0142ugog\u00f3ry__-300x198.jpg 300w, https:\/\/www.akademianikona.pl\/blog\/wp-content\/uploads\/2013\/10\/wieczorna-sesja-w-rezerwacie-__D\u0142ugog\u00f3ry__-1024x676.jpg 1024w, https:\/\/www.akademianikona.pl\/blog\/wp-content\/uploads\/2013\/10\/wieczorna-sesja-w-rezerwacie-__D\u0142ugog\u00f3ry__-454x300.jpg 454w\" sizes=\"(max-width: 1555px) 100vw, 1555px\" \/><\/a><p id=\"caption-attachment-13159\" class=\"wp-caption-text\">wieczorna sesja w rezerwacie D\u0142ugog\u00f3ry &#8211; fot. Piotr Chara<\/p><\/div>\n<div id=\"attachment_13161\" style=\"width: 1565px\" class=\"wp-caption alignnone\"><a href=\"https:\/\/www.akademianikona.pl\/blog\/wp-content\/uploads\/2013\/10\/w-bramie-do-innego-\u015bwiata__.jpg\"><img aria-describedby=\"caption-attachment-13161\" loading=\"lazy\" class=\"size-full wp-image-13161\" alt=\"W bramie do innego \u015bwiata - fot. Piotr Chara\" src=\"https:\/\/www.akademianikona.pl\/blog\/wp-content\/uploads\/2013\/10\/w-bramie-do-innego-\u015bwiata__.jpg\" width=\"1555\" height=\"1058\" srcset=\"https:\/\/www.akademianikona.pl\/blog\/wp-content\/uploads\/2013\/10\/w-bramie-do-innego-\u015bwiata__.jpg 1555w, https:\/\/www.akademianikona.pl\/blog\/wp-content\/uploads\/2013\/10\/w-bramie-do-innego-\u015bwiata__-300x204.jpg 300w, https:\/\/www.akademianikona.pl\/blog\/wp-content\/uploads\/2013\/10\/w-bramie-do-innego-\u015bwiata__-1024x696.jpg 1024w, https:\/\/www.akademianikona.pl\/blog\/wp-content\/uploads\/2013\/10\/w-bramie-do-innego-\u015bwiata__-440x300.jpg 440w\" sizes=\"(max-width: 1555px) 100vw, 1555px\" \/><\/a><p id=\"caption-attachment-13161\" class=\"wp-caption-text\">W bramie do innego \u015bwiata &#8211; fot. Piotr Chara<\/p><\/div>\n<div id=\"attachment_13187\" style=\"width: 1565px\" class=\"wp-caption alignnone\"><a href=\"https:\/\/www.akademianikona.pl\/blog\/wp-content\/uploads\/2013\/10\/Maura-w-\u017cywiole-bagna-+-aparat.jpg\"><img aria-describedby=\"caption-attachment-13187\" loading=\"lazy\" class=\"size-full wp-image-13187\" alt=\"Maura w \u017cywiole (bagna + aparat) - fot. Piotr Chara\" src=\"https:\/\/www.akademianikona.pl\/blog\/wp-content\/uploads\/2013\/10\/Maura-w-\u017cywiole-bagna-+-aparat.jpg\" width=\"1555\" height=\"1029\" srcset=\"https:\/\/www.akademianikona.pl\/blog\/wp-content\/uploads\/2013\/10\/Maura-w-\u017cywiole-bagna-+-aparat.jpg 1555w, https:\/\/www.akademianikona.pl\/blog\/wp-content\/uploads\/2013\/10\/Maura-w-\u017cywiole-bagna-+-aparat-300x198.jpg 300w, https:\/\/www.akademianikona.pl\/blog\/wp-content\/uploads\/2013\/10\/Maura-w-\u017cywiole-bagna-+-aparat-1024x677.jpg 1024w, https:\/\/www.akademianikona.pl\/blog\/wp-content\/uploads\/2013\/10\/Maura-w-\u017cywiole-bagna-+-aparat-453x300.jpg 453w\" sizes=\"(max-width: 1555px) 100vw, 1555px\" \/><\/a><p id=\"caption-attachment-13187\" class=\"wp-caption-text\">Maura w \u017cywiole (tzn. bagna + aparat :]) &#8211; fot. Piotr Chara<\/p><\/div>\n<p style=\"text-align: justify;\">Niedzielna sesja mia\u0142a inny, bardziej ekstremalny przebieg. Zanim do niej dosz\u0142o w szaro\u015bciach budz\u0105cego si\u0119 dnia kluczyli\u015bmy w labiryncie g\u0119stych \u0142oz\u00f3w wierzbowych. Przygotowa\u0142em tam przeci\u0119te maczet\u0105 tunele pozwalaj\u0105ce wydosta\u0107 si\u0119 niepostrze\u017cenie na polank\u0119, na kt\u00f3rej nocowa\u0142o dot\u0105d kilkaset \u017curawi. Po drodze do pokonania mieli\u015bmy g\u0142\u0119bokie do kolan starorzecze, kt\u00f3re dw\u00f3m Uczestnikom nieco \u201eutrudni\u0142o \u017cycie\u201d (wywrotka plecami w b\u0142otko i wci\u0105gni\u0119cie wodera).<\/p>\n<div id=\"attachment_13211\" style=\"width: 1565px\" class=\"wp-caption alignnone\"><a href=\"https:\/\/www.akademianikona.pl\/blog\/wp-content\/uploads\/2013\/10\/DSC_2728.jpg\"><img aria-describedby=\"caption-attachment-13211\" loading=\"lazy\" class=\"size-full wp-image-13211\" alt=\"fot. Pawe\u0142 Szablewski\" src=\"https:\/\/www.akademianikona.pl\/blog\/wp-content\/uploads\/2013\/10\/DSC_2728.jpg\" width=\"1555\" height=\"1033\" srcset=\"https:\/\/www.akademianikona.pl\/blog\/wp-content\/uploads\/2013\/10\/DSC_2728.jpg 1555w, https:\/\/www.akademianikona.pl\/blog\/wp-content\/uploads\/2013\/10\/DSC_2728-300x199.jpg 300w, https:\/\/www.akademianikona.pl\/blog\/wp-content\/uploads\/2013\/10\/DSC_2728-1024x680.jpg 1024w, https:\/\/www.akademianikona.pl\/blog\/wp-content\/uploads\/2013\/10\/DSC_2728-451x300.jpg 451w\" sizes=\"(max-width: 1555px) 100vw, 1555px\" \/><\/a><p id=\"caption-attachment-13211\" class=\"wp-caption-text\">fot. Pawe\u0142 Szablewski<\/p><\/div>\n<p style=\"text-align: justify;\">Zatem z pewnymi stratami ruszyli\u015bmy dalej. Ostatnie metry pokonali\u015bmy czo\u0142gaj\u0105c si\u0119. Na polance zamiast spodziewanych kilkuset sta\u0142o oko\u0142o pi\u0119\u0107dziesi\u0119ciu \u017curawi. Jednak wygl\u0105da\u0142y pi\u0119knie, wystarczy\u0142o zatem poczeka\u0107 na \u015bwiat\u0142o dnia i ostro\u017cnie wychyli\u0107 si\u0119 z traw by fotografowa\u0107. W pozycji le\u017c\u0105cej, ze aparatami w gar\u015bci le\u017celi\u015bmy czekaj\u0105c na \u015bwiat\u0142o. Nagle, ku zaskoczeniu wszystkich ca\u0142a grupa ptak\u00f3w poderwa\u0142a si\u0119 do lotu. Przyczyn\u0105 ucieczki okaza\u0142 si\u0119 bielik, kt\u00f3ry usiad\u0142 przy \u017curawiach p\u0142osz\u0105c wszystkie. Szcz\u0119\u015bliwie zanim si\u0119 to sta\u0142o powsta\u0142o kilka uj\u0119\u0107. Niemniej pozosta\u0142 pewien niedosyt. Jest on charakterystyczny dla fotografii, zwanej przyrodnicz\u0105.<\/p>\n<div id=\"attachment_13174\" style=\"width: 1565px\" class=\"wp-caption alignnone\"><a href=\"https:\/\/www.akademianikona.pl\/blog\/wp-content\/uploads\/2013\/10\/Marek-4-s1.jpg\"><img aria-describedby=\"caption-attachment-13174\" loading=\"lazy\" class=\"size-full wp-image-13174\" alt=\"fot. Marek Dytkowski \" src=\"https:\/\/www.akademianikona.pl\/blog\/wp-content\/uploads\/2013\/10\/Marek-4-s1.jpg\" width=\"1555\" height=\"1098\" srcset=\"https:\/\/www.akademianikona.pl\/blog\/wp-content\/uploads\/2013\/10\/Marek-4-s1.jpg 1555w, https:\/\/www.akademianikona.pl\/blog\/wp-content\/uploads\/2013\/10\/Marek-4-s1-300x211.jpg 300w, https:\/\/www.akademianikona.pl\/blog\/wp-content\/uploads\/2013\/10\/Marek-4-s1-1024x723.jpg 1024w, https:\/\/www.akademianikona.pl\/blog\/wp-content\/uploads\/2013\/10\/Marek-4-s1-424x300.jpg 424w\" sizes=\"(max-width: 1555px) 100vw, 1555px\" \/><\/a><p id=\"caption-attachment-13174\" class=\"wp-caption-text\">fot. Marek Dytkowski<\/p><\/div>\n<div id=\"attachment_13171\" style=\"width: 1564px\" class=\"wp-caption alignnone\"><a href=\"https:\/\/www.akademianikona.pl\/blog\/wp-content\/uploads\/2013\/10\/Lucjan-s1.jpg\"><img aria-describedby=\"caption-attachment-13171\" loading=\"lazy\" class=\"size-full wp-image-13171\" alt=\"fot. Lucjan Jakuczun\" src=\"https:\/\/www.akademianikona.pl\/blog\/wp-content\/uploads\/2013\/10\/Lucjan-s1.jpg\" width=\"1554\" height=\"1042\" srcset=\"https:\/\/www.akademianikona.pl\/blog\/wp-content\/uploads\/2013\/10\/Lucjan-s1.jpg 1554w, https:\/\/www.akademianikona.pl\/blog\/wp-content\/uploads\/2013\/10\/Lucjan-s1-300x201.jpg 300w, https:\/\/www.akademianikona.pl\/blog\/wp-content\/uploads\/2013\/10\/Lucjan-s1-1024x686.jpg 1024w, https:\/\/www.akademianikona.pl\/blog\/wp-content\/uploads\/2013\/10\/Lucjan-s1-447x300.jpg 447w\" sizes=\"(max-width: 1554px) 100vw, 1554px\" \/><\/a><p id=\"caption-attachment-13171\" class=\"wp-caption-text\">fot. Lucjan Jakuczun<\/p><\/div>\n<div id=\"attachment_13178\" style=\"width: 1454px\" class=\"wp-caption alignnone\"><a href=\"https:\/\/www.akademianikona.pl\/blog\/wp-content\/uploads\/2013\/10\/Marek-P3-s1.jpg\"><img aria-describedby=\"caption-attachment-13178\" loading=\"lazy\" class=\"size-full wp-image-13178\" alt=\"fot. Marek Pokojski\" src=\"https:\/\/www.akademianikona.pl\/blog\/wp-content\/uploads\/2013\/10\/Marek-P3-s1.jpg\" width=\"1444\" height=\"891\" srcset=\"https:\/\/www.akademianikona.pl\/blog\/wp-content\/uploads\/2013\/10\/Marek-P3-s1.jpg 1444w, https:\/\/www.akademianikona.pl\/blog\/wp-content\/uploads\/2013\/10\/Marek-P3-s1-300x185.jpg 300w, https:\/\/www.akademianikona.pl\/blog\/wp-content\/uploads\/2013\/10\/Marek-P3-s1-1024x631.jpg 1024w, https:\/\/www.akademianikona.pl\/blog\/wp-content\/uploads\/2013\/10\/Marek-P3-s1-486x300.jpg 486w\" sizes=\"(max-width: 1444px) 100vw, 1444px\" \/><\/a><p id=\"caption-attachment-13178\" class=\"wp-caption-text\">fot. Marek Pokojski<\/p><\/div>\n<p style=\"text-align: justify;\">Zupe\u0142nie zwyczajny w \u201enaszych warsztatach\u201d jest nadzwyczajnie wysoki poziom tzw. \u201eradochy\u201d i dobrej zabawy z ca\u0142o\u015bci dozna\u0144. Bowiem opr\u00f3cz pe\u0142nych wra\u017ce\u0144 spotka\u0144 z przyrod\u0105 kolejn\u0105 wielk\u0105 frajd\u0105 (tak to odbieram) by\u0142o tu spotkanie z drugim cz\u0142owiekiem. Mile wspominaj\u0105c te chwile zapraszam do obejrzenia galerii zdj\u0119\u0107.<br \/>\nPiotr Chara<br \/>\n<div class=\"gallery\"><section id='gallery-1' class='clearfix gallery galleryid-13100 gallery-columns-3 gallery-size-thumbnail'><div class=\"gallery-row\">\r\n\t\t\t\t\t<figure class=\"gallery-item\">\r\n\t\t\t\t\t\t<a title=\"Marek 7s 1555px\"  href='https:\/\/www.akademianikona.pl\/blog\/wp-content\/uploads\/2013\/10\/Marek-7s-1555px.jpg'><img width=\"150\" height=\"150\" src=\"https:\/\/www.akademianikona.pl\/blog\/wp-content\/uploads\/2013\/10\/Marek-7s-1555px-150x150.jpg\" class=\"attachment-thumbnail size-thumbnail\" alt=\"Marek 7s 1555px\" loading=\"lazy\" \/><\/a>\r\n\t\t\t\t\t\r\n\t\t\t\t\t\t<figcaption class=\"gallery-caption\">\r\n\t\t\t\t\t\tMarek 7s 1555px\r\n\t\t\t\t\t\t<\/figcaption><\/figure>\r\n\t\t\t\t\t<figure class=\"gallery-item\">\r\n\t\t\t\t\t\t<a title=\"Maura s1\"  href='https:\/\/www.akademianikona.pl\/blog\/wp-content\/uploads\/2013\/10\/Maura-s1.jpg'><img width=\"150\" height=\"150\" src=\"https:\/\/www.akademianikona.pl\/blog\/wp-content\/uploads\/2013\/10\/Maura-s1-150x150.jpg\" class=\"attachment-thumbnail size-thumbnail\" alt=\"Maura s1\" loading=\"lazy\" \/><\/a>\r\n\t\t\t\t\t\r\n\t\t\t\t\t\t<figcaption class=\"gallery-caption\">\r\n\t\t\t\t\t\tMaura s1\r\n\t\t\t\t\t\t<\/figcaption><\/figure>\r\n\t\t\t\t\t<figure class=\"gallery-item\">\r\n\t\t\t\t\t\t<a title=\"Maura 6 s1\"  href='https:\/\/www.akademianikona.pl\/blog\/wp-content\/uploads\/2013\/10\/Maura-6-s1.jpg'><img width=\"150\" height=\"150\" src=\"https:\/\/www.akademianikona.pl\/blog\/wp-content\/uploads\/2013\/10\/Maura-6-s1-150x150.jpg\" class=\"attachment-thumbnail size-thumbnail\" alt=\"Maura 6 s1\" loading=\"lazy\" \/><\/a>\r\n\t\t\t\t\t\r\n\t\t\t\t\t\t<figcaption class=\"gallery-caption\">\r\n\t\t\t\t\t\tMaura 6 s1\r\n\t\t\t\t\t\t<\/figcaption><\/figure><\/div><div class=\"gallery-row\">\r\n\t\t\t\t\t<figure class=\"gallery-item\">\r\n\t\t\t\t\t\t<a title=\"Maura 5 s1\"  href='https:\/\/www.akademianikona.pl\/blog\/wp-content\/uploads\/2013\/10\/Maura-5-s1.jpg'><img width=\"150\" height=\"150\" src=\"https:\/\/www.akademianikona.pl\/blog\/wp-content\/uploads\/2013\/10\/Maura-5-s1-150x150.jpg\" class=\"attachment-thumbnail size-thumbnail\" alt=\"Maura 5 s1\" loading=\"lazy\" \/><\/a>\r\n\t\t\t\t\t\r\n\t\t\t\t\t\t<figcaption class=\"gallery-caption\">\r\n\t\t\t\t\t\tMaura 5 s1\r\n\t\t\t\t\t\t<\/figcaption><\/figure>\r\n\t\t\t\t\t<figure class=\"gallery-item\">\r\n\t\t\t\t\t\t<a title=\"Maura 4 s1\"  href='https:\/\/www.akademianikona.pl\/blog\/wp-content\/uploads\/2013\/10\/Maura-4-s1.jpg'><img width=\"150\" height=\"150\" src=\"https:\/\/www.akademianikona.pl\/blog\/wp-content\/uploads\/2013\/10\/Maura-4-s1-150x150.jpg\" class=\"attachment-thumbnail size-thumbnail\" alt=\"Maura 4 s1\" loading=\"lazy\" \/><\/a>\r\n\t\t\t\t\t\r\n\t\t\t\t\t\t<figcaption class=\"gallery-caption\">\r\n\t\t\t\t\t\tMaura 4 s1\r\n\t\t\t\t\t\t<\/figcaption><\/figure>\r\n\t\t\t\t\t<figure class=\"gallery-item\">\r\n\t\t\t\t\t\t<a title=\"Maura 2 s1\"  href='https:\/\/www.akademianikona.pl\/blog\/wp-content\/uploads\/2013\/10\/Maura-2-s1.jpg'><img width=\"150\" height=\"150\" src=\"https:\/\/www.akademianikona.pl\/blog\/wp-content\/uploads\/2013\/10\/Maura-2-s1-150x150.jpg\" class=\"attachment-thumbnail size-thumbnail\" alt=\"Maura 2 s1\" loading=\"lazy\" \/><\/a>\r\n\t\t\t\t\t\r\n\t\t\t\t\t\t<figcaption class=\"gallery-caption\">\r\n\t\t\t\t\t\tMaura 2 s1\r\n\t\t\t\t\t\t<\/figcaption><\/figure><\/div><div class=\"gallery-row\">\r\n\t\t\t\t\t<figure class=\"gallery-item\">\r\n\t\t\t\t\t\t<a title=\"Marek P s1\"  href='https:\/\/www.akademianikona.pl\/blog\/wp-content\/uploads\/2013\/10\/Marek-P-s1.jpg'><img width=\"150\" height=\"150\" src=\"https:\/\/www.akademianikona.pl\/blog\/wp-content\/uploads\/2013\/10\/Marek-P-s1-150x150.jpg\" class=\"attachment-thumbnail size-thumbnail\" alt=\"Marek P s1\" loading=\"lazy\" \/><\/a>\r\n\t\t\t\t\t\r\n\t\t\t\t\t\t<figcaption class=\"gallery-caption\">\r\n\t\t\t\t\t\tMarek P s1\r\n\t\t\t\t\t\t<\/figcaption><\/figure>\r\n\t\t\t\t\t<figure class=\"gallery-item\">\r\n\t\t\t\t\t\t<a title=\"Marek P 2 s1\"  href='https:\/\/www.akademianikona.pl\/blog\/wp-content\/uploads\/2013\/10\/Marek-P-2-s1.jpg'><img width=\"150\" height=\"150\" src=\"https:\/\/www.akademianikona.pl\/blog\/wp-content\/uploads\/2013\/10\/Marek-P-2-s1-150x150.jpg\" class=\"attachment-thumbnail size-thumbnail\" alt=\"Marek P 2 s1\" loading=\"lazy\" \/><\/a>\r\n\t\t\t\t\t\r\n\t\t\t\t\t\t<figcaption class=\"gallery-caption\">\r\n\t\t\t\t\t\tMarek P 2 s1\r\n\t\t\t\t\t\t<\/figcaption><\/figure>\r\n\t\t\t\t\t<figure class=\"gallery-item\">\r\n\t\t\t\t\t\t<a title=\"Marek P3 s1\"  href='https:\/\/www.akademianikona.pl\/blog\/wp-content\/uploads\/2013\/10\/Marek-P3-s1.jpg'><img width=\"150\" height=\"150\" src=\"https:\/\/www.akademianikona.pl\/blog\/wp-content\/uploads\/2013\/10\/Marek-P3-s1-150x150.jpg\" class=\"attachment-thumbnail size-thumbnail\" alt=\"Marek P3 s1\" loading=\"lazy\" \/><\/a>\r\n\t\t\t\t\t\r\n\t\t\t\t\t\t<figcaption class=\"gallery-caption\">\r\n\t\t\t\t\t\tMarek P3 s1\r\n\t\t\t\t\t\t<\/figcaption><\/figure><\/div><div class=\"gallery-row\">\r\n\t\t\t\t\t<figure class=\"gallery-item\">\r\n\t\t\t\t\t\t<a title=\"Marek s1\"  href='https:\/\/www.akademianikona.pl\/blog\/wp-content\/uploads\/2013\/10\/Marek-s1.jpg'><img width=\"150\" height=\"150\" src=\"https:\/\/www.akademianikona.pl\/blog\/wp-content\/uploads\/2013\/10\/Marek-s1-150x150.jpg\" class=\"attachment-thumbnail size-thumbnail\" alt=\"Marek s1\" loading=\"lazy\" \/><\/a>\r\n\t\t\t\t\t\r\n\t\t\t\t\t\t<figcaption class=\"gallery-caption\">\r\n\t\t\t\t\t\tMarek s1\r\n\t\t\t\t\t\t<\/figcaption><\/figure>\r\n\t\t\t\t\t<figure class=\"gallery-item\">\r\n\t\t\t\t\t\t<a title=\"Marek 6 s1\"  href='https:\/\/www.akademianikona.pl\/blog\/wp-content\/uploads\/2013\/10\/Marek-6-s1.jpg'><img width=\"150\" height=\"150\" src=\"https:\/\/www.akademianikona.pl\/blog\/wp-content\/uploads\/2013\/10\/Marek-6-s1-150x150.jpg\" class=\"attachment-thumbnail size-thumbnail\" alt=\"Marek 6 s1\" loading=\"lazy\" \/><\/a>\r\n\t\t\t\t\t\r\n\t\t\t\t\t\t<figcaption class=\"gallery-caption\">\r\n\t\t\t\t\t\tMarek 6 s1\r\n\t\t\t\t\t\t<\/figcaption><\/figure>\r\n\t\t\t\t\t<figure class=\"gallery-item\">\r\n\t\t\t\t\t\t<a title=\"Marek 5 s1\"  href='https:\/\/www.akademianikona.pl\/blog\/wp-content\/uploads\/2013\/10\/Marek-5-s1.jpg'><img width=\"150\" height=\"150\" src=\"https:\/\/www.akademianikona.pl\/blog\/wp-content\/uploads\/2013\/10\/Marek-5-s1-150x150.jpg\" class=\"attachment-thumbnail size-thumbnail\" alt=\"Marek 5 s1\" loading=\"lazy\" \/><\/a>\r\n\t\t\t\t\t\r\n\t\t\t\t\t\t<figcaption class=\"gallery-caption\">\r\n\t\t\t\t\t\tMarek 5 s1\r\n\t\t\t\t\t\t<\/figcaption><\/figure><\/div><div class=\"gallery-row\">\r\n\t\t\t\t\t<figure class=\"gallery-item\">\r\n\t\t\t\t\t\t<a title=\"Marek 4 s1\"  href='https:\/\/www.akademianikona.pl\/blog\/wp-content\/uploads\/2013\/10\/Marek-4-s1.jpg'><img width=\"150\" height=\"150\" src=\"https:\/\/www.akademianikona.pl\/blog\/wp-content\/uploads\/2013\/10\/Marek-4-s1-150x150.jpg\" class=\"attachment-thumbnail size-thumbnail\" alt=\"Marek 4 s1\" loading=\"lazy\" \/><\/a>\r\n\t\t\t\t\t\r\n\t\t\t\t\t\t<figcaption class=\"gallery-caption\">\r\n\t\t\t\t\t\tMarek 4 s1\r\n\t\t\t\t\t\t<\/figcaption><\/figure>\r\n\t\t\t\t\t<figure class=\"gallery-item\">\r\n\t\t\t\t\t\t<a title=\"Marek 3 s1\"  href='https:\/\/www.akademianikona.pl\/blog\/wp-content\/uploads\/2013\/10\/Marek-3-s1.jpg'><img width=\"150\" height=\"150\" src=\"https:\/\/www.akademianikona.pl\/blog\/wp-content\/uploads\/2013\/10\/Marek-3-s1-150x150.jpg\" class=\"attachment-thumbnail size-thumbnail\" alt=\"Marek 3 s1\" loading=\"lazy\" \/><\/a>\r\n\t\t\t\t\t\r\n\t\t\t\t\t\t<figcaption class=\"gallery-caption\">\r\n\t\t\t\t\t\tMarek 3 s1\r\n\t\t\t\t\t\t<\/figcaption><\/figure>\r\n\t\t\t\t\t<figure class=\"gallery-item\">\r\n\t\t\t\t\t\t<a title=\"Marek 2 s1\"  href='https:\/\/www.akademianikona.pl\/blog\/wp-content\/uploads\/2013\/10\/Marek-2-s1.jpg'><img width=\"150\" height=\"150\" src=\"https:\/\/www.akademianikona.pl\/blog\/wp-content\/uploads\/2013\/10\/Marek-2-s1-150x150.jpg\" class=\"attachment-thumbnail size-thumbnail\" alt=\"Marek 2 s1\" loading=\"lazy\" \/><\/a>\r\n\t\t\t\t\t\r\n\t\t\t\t\t\t<figcaption class=\"gallery-caption\">\r\n\t\t\t\t\t\tMarek 2 s1\r\n\t\t\t\t\t\t<\/figcaption><\/figure><\/div><div class=\"gallery-row\">\r\n\t\t\t\t\t<figure class=\"gallery-item\">\r\n\t\t\t\t\t\t<a title=\"Leszek s\"  href='https:\/\/www.akademianikona.pl\/blog\/wp-content\/uploads\/2013\/10\/Leszek-s-.jpg'><img width=\"150\" height=\"150\" src=\"https:\/\/www.akademianikona.pl\/blog\/wp-content\/uploads\/2013\/10\/Leszek-s--150x150.jpg\" class=\"attachment-thumbnail size-thumbnail\" alt=\"Leszek s\" loading=\"lazy\" \/><\/a>\r\n\t\t\t\t\t\r\n\t\t\t\t\t\t<figcaption class=\"gallery-caption\">\r\n\t\t\t\t\t\tLeszek s \r\n\t\t\t\t\t\t<\/figcaption><\/figure>\r\n\t\t\t\t\t<figure class=\"gallery-item\">\r\n\t\t\t\t\t\t<a title=\"Leszek 5 s1\"  href='https:\/\/www.akademianikona.pl\/blog\/wp-content\/uploads\/2013\/10\/Leszek-5-s1.jpg'><img width=\"150\" height=\"150\" src=\"https:\/\/www.akademianikona.pl\/blog\/wp-content\/uploads\/2013\/10\/Leszek-5-s1-150x150.jpg\" class=\"attachment-thumbnail size-thumbnail\" alt=\"Leszek 5 s1\" loading=\"lazy\" \/><\/a>\r\n\t\t\t\t\t\r\n\t\t\t\t\t\t<figcaption class=\"gallery-caption\">\r\n\t\t\t\t\t\tLeszek 5 s1\r\n\t\t\t\t\t\t<\/figcaption><\/figure>\r\n\t\t\t\t\t<figure class=\"gallery-item\">\r\n\t\t\t\t\t\t<a title=\"Leszek 4 s1\"  href='https:\/\/www.akademianikona.pl\/blog\/wp-content\/uploads\/2013\/10\/Leszek-4-s1.jpg'><img width=\"150\" height=\"150\" src=\"https:\/\/www.akademianikona.pl\/blog\/wp-content\/uploads\/2013\/10\/Leszek-4-s1-150x150.jpg\" class=\"attachment-thumbnail size-thumbnail\" alt=\"Leszek 4 s1\" loading=\"lazy\" \/><\/a>\r\n\t\t\t\t\t\r\n\t\t\t\t\t\t<figcaption class=\"gallery-caption\">\r\n\t\t\t\t\t\tLeszek 4 s1\r\n\t\t\t\t\t\t<\/figcaption><\/figure><\/div><div class=\"gallery-row\">\r\n\t\t\t\t\t<figure class=\"gallery-item\">\r\n\t\t\t\t\t\t<a title=\"Leszek 3 s1\"  href='https:\/\/www.akademianikona.pl\/blog\/wp-content\/uploads\/2013\/10\/Leszek-3-s1.jpg'><img width=\"150\" height=\"150\" src=\"https:\/\/www.akademianikona.pl\/blog\/wp-content\/uploads\/2013\/10\/Leszek-3-s1-150x150.jpg\" class=\"attachment-thumbnail size-thumbnail\" alt=\"Leszek 3 s1\" loading=\"lazy\" \/><\/a>\r\n\t\t\t\t\t\r\n\t\t\t\t\t\t<figcaption class=\"gallery-caption\">\r\n\t\t\t\t\t\tLeszek 3 s1\r\n\t\t\t\t\t\t<\/figcaption><\/figure>\r\n\t\t\t\t\t<figure class=\"gallery-item\">\r\n\t\t\t\t\t\t<a title=\"Leszek 2s1\"  href='https:\/\/www.akademianikona.pl\/blog\/wp-content\/uploads\/2013\/10\/Leszek-2s1.jpg'><img width=\"150\" height=\"150\" src=\"https:\/\/www.akademianikona.pl\/blog\/wp-content\/uploads\/2013\/10\/Leszek-2s1-150x150.jpg\" class=\"attachment-thumbnail size-thumbnail\" alt=\"Leszek 2s1\" loading=\"lazy\" \/><\/a>\r\n\t\t\t\t\t\r\n\t\t\t\t\t\t<figcaption class=\"gallery-caption\">\r\n\t\t\t\t\t\tLeszek 2s1\r\n\t\t\t\t\t\t<\/figcaption><\/figure>\r\n\t\t\t\t\t<figure class=\"gallery-item\">\r\n\t\t\t\t\t\t<a title=\"Lucjan s1\"  href='https:\/\/www.akademianikona.pl\/blog\/wp-content\/uploads\/2013\/10\/Lucjan-s1.jpg'><img width=\"150\" height=\"150\" src=\"https:\/\/www.akademianikona.pl\/blog\/wp-content\/uploads\/2013\/10\/Lucjan-s1-150x150.jpg\" class=\"attachment-thumbnail size-thumbnail\" alt=\"Lucjan s1\" loading=\"lazy\" \/><\/a>\r\n\t\t\t\t\t\r\n\t\t\t\t\t\t<figcaption class=\"gallery-caption\">\r\n\t\t\t\t\t\tLucjan s1\r\n\t\t\t\t\t\t<\/figcaption><\/figure><\/div><div class=\"gallery-row\">\r\n\t\t\t\t\t<figure class=\"gallery-item\">\r\n\t\t\t\t\t\t<a title=\"DSC 39701\"  href='https:\/\/www.akademianikona.pl\/blog\/wp-content\/uploads\/2013\/10\/DSC_39701.jpg'><img width=\"150\" height=\"150\" src=\"https:\/\/www.akademianikona.pl\/blog\/wp-content\/uploads\/2013\/10\/DSC_39701-150x150.jpg\" class=\"attachment-thumbnail size-thumbnail\" alt=\"DSC 39701\" loading=\"lazy\" \/><\/a>\r\n\t\t\t\t\t\r\n\t\t\t\t\t\t<figcaption class=\"gallery-caption\">\r\n\t\t\t\t\t\tDSC 39701\r\n\t\t\t\t\t\t<\/figcaption><\/figure>\r\n\t\t\t\t\t<figure class=\"gallery-item\">\r\n\t\t\t\t\t\t<a title=\"DSC 3947 s1\"  href='https:\/\/www.akademianikona.pl\/blog\/wp-content\/uploads\/2013\/10\/DSC_3947-s1.jpg'><img width=\"150\" height=\"150\" src=\"https:\/\/www.akademianikona.pl\/blog\/wp-content\/uploads\/2013\/10\/DSC_3947-s1-150x150.jpg\" class=\"attachment-thumbnail size-thumbnail\" alt=\"DSC 3947 s1\" loading=\"lazy\" \/><\/a>\r\n\t\t\t\t\t\r\n\t\t\t\t\t\t<figcaption class=\"gallery-caption\">\r\n\t\t\t\t\t\tDSC 3947 s1\r\n\t\t\t\t\t\t<\/figcaption><\/figure>\r\n\t\t\t\t\t<figure class=\"gallery-item\">\r\n\t\t\t\t\t\t<a title=\"DSC 3835 s1\"  href='https:\/\/www.akademianikona.pl\/blog\/wp-content\/uploads\/2013\/10\/DSC_3835-s1.jpg'><img width=\"150\" height=\"150\" src=\"https:\/\/www.akademianikona.pl\/blog\/wp-content\/uploads\/2013\/10\/DSC_3835-s1-150x150.jpg\" class=\"attachment-thumbnail size-thumbnail\" alt=\"DSC 3835 s1\" loading=\"lazy\" \/><\/a>\r\n\t\t\t\t\t\r\n\t\t\t\t\t\t<figcaption class=\"gallery-caption\">\r\n\t\t\t\t\t\tDSC 3835 s1\r\n\t\t\t\t\t\t<\/figcaption><\/figure><\/div><div class=\"gallery-row\">\r\n\t\t\t\t\t<figure class=\"gallery-item\">\r\n\t\t\t\t\t\t<a title=\"w szaro\u015bciach   Maura \u0141adosz\"  href='https:\/\/www.akademianikona.pl\/blog\/wp-content\/uploads\/2013\/10\/w-szaro\u015bciach__-Maura-\u0141adosz.jpg'><img width=\"150\" height=\"150\" src=\"https:\/\/www.akademianikona.pl\/blog\/wp-content\/uploads\/2013\/10\/w-szaro\u015bciach__-Maura-\u0141adosz-150x150.jpg\" class=\"attachment-thumbnail size-thumbnail\" alt=\"w szaro\u015bciach   Maura \u0141adosz\" loading=\"lazy\" \/><\/a>\r\n\t\t\t\t\t\r\n\t\t\t\t\t\t<figcaption class=\"gallery-caption\">\r\n\t\t\t\t\t\tw szaro\u015bciach   Maura \u0141adosz\r\n\t\t\t\t\t\t<\/figcaption><\/figure>\r\n\t\t\t\t\t<figure class=\"gallery-item\">\r\n\t\t\t\t\t\t<a title=\"w sobotni poranek1\"  href='https:\/\/www.akademianikona.pl\/blog\/wp-content\/uploads\/2013\/10\/w-sobotni-poranek1.jpg'><img width=\"150\" height=\"150\" src=\"https:\/\/www.akademianikona.pl\/blog\/wp-content\/uploads\/2013\/10\/w-sobotni-poranek1-150x150.jpg\" class=\"attachment-thumbnail size-thumbnail\" alt=\"w sobotni poranek1\" loading=\"lazy\" \/><\/a>\r\n\t\t\t\t\t\r\n\t\t\t\t\t\t<figcaption class=\"gallery-caption\">\r\n\t\t\t\t\t\tw sobotni poranek1\r\n\t\t\t\t\t\t<\/figcaption><\/figure>\r\n\t\t\t\t\t<figure class=\"gallery-item\">\r\n\t\t\t\t\t\t<a title=\"sobotnie \u0142owy\"  href='https:\/\/www.akademianikona.pl\/blog\/wp-content\/uploads\/2013\/10\/sobotnie-\u0142owy__-.jpg'><img width=\"150\" height=\"150\" src=\"https:\/\/www.akademianikona.pl\/blog\/wp-content\/uploads\/2013\/10\/sobotnie-\u0142owy__--150x150.jpg\" class=\"attachment-thumbnail size-thumbnail\" alt=\"sobotnie \u0142owy\" loading=\"lazy\" \/><\/a>\r\n\t\t\t\t\t\r\n\t\t\t\t\t\t<figcaption class=\"gallery-caption\">\r\n\t\t\t\t\t\tsobotnie \u0142owy   \r\n\t\t\t\t\t\t<\/figcaption><\/figure><\/div><div class=\"gallery-row\">\r\n\t\t\t\t\t<figure class=\"gallery-item\">\r\n\t\t\t\t\t\t<a title=\"sobotnie \u0142owy1\"  href='https:\/\/www.akademianikona.pl\/blog\/wp-content\/uploads\/2013\/10\/sobotnie-\u0142owy1.jpg'><img width=\"150\" height=\"150\" src=\"https:\/\/www.akademianikona.pl\/blog\/wp-content\/uploads\/2013\/10\/sobotnie-\u0142owy1-150x150.jpg\" class=\"attachment-thumbnail size-thumbnail\" alt=\"sobotnie \u0142owy1\" loading=\"lazy\" \/><\/a>\r\n\t\t\t\t\t\r\n\t\t\t\t\t\t<figcaption class=\"gallery-caption\">\r\n\t\t\t\t\t\tsobotnie \u0142owy1\r\n\t\t\t\t\t\t<\/figcaption><\/figure>\r\n\t\t\t\t\t<figure class=\"gallery-item\">\r\n\t\t\t\t\t\t<a title=\"Pawe\u0142 w akcji1\"  href='https:\/\/www.akademianikona.pl\/blog\/wp-content\/uploads\/2013\/10\/Pawe\u0142-w-akcji1.jpg'><img width=\"150\" height=\"150\" src=\"https:\/\/www.akademianikona.pl\/blog\/wp-content\/uploads\/2013\/10\/Pawe\u0142-w-akcji1-150x150.jpg\" class=\"attachment-thumbnail size-thumbnail\" alt=\"Pawe\u0142 w akcji1\" loading=\"lazy\" \/><\/a>\r\n\t\t\t\t\t\r\n\t\t\t\t\t\t<figcaption class=\"gallery-caption\">\r\n\t\t\t\t\t\tPawe\u0142 w akcji1\r\n\t\t\t\t\t\t<\/figcaption><\/figure>\r\n\t\t\t\t\t<figure class=\"gallery-item\">\r\n\t\t\t\t\t\t<a title=\"sesja sobotniego poranka1\"  href='https:\/\/www.akademianikona.pl\/blog\/wp-content\/uploads\/2013\/10\/sesja-sobotniego-poranka1.jpg'><img width=\"150\" height=\"150\" src=\"https:\/\/www.akademianikona.pl\/blog\/wp-content\/uploads\/2013\/10\/sesja-sobotniego-poranka1-150x150.jpg\" class=\"attachment-thumbnail size-thumbnail\" alt=\"sesja sobotniego poranka1\" loading=\"lazy\" \/><\/a>\r\n\t\t\t\t\t\r\n\t\t\t\t\t\t<figcaption class=\"gallery-caption\">\r\n\t\t\t\t\t\tsesja sobotniego poranka1\r\n\t\t\t\t\t\t<\/figcaption><\/figure><\/div><div class=\"gallery-row\">\r\n\t\t\t\t\t<figure class=\"gallery-item\">\r\n\t\t\t\t\t\t<a title=\"w bramie do innego \u015bwiata\"  href='https:\/\/www.akademianikona.pl\/blog\/wp-content\/uploads\/2013\/10\/w-bramie-do-innego-\u015bwiata__.jpg'><img width=\"150\" height=\"150\" src=\"https:\/\/www.akademianikona.pl\/blog\/wp-content\/uploads\/2013\/10\/w-bramie-do-innego-\u015bwiata__-150x150.jpg\" class=\"attachment-thumbnail size-thumbnail\" alt=\"w bramie do innego \u015bwiata\" loading=\"lazy\" \/><\/a>\r\n\t\t\t\t\t\r\n\t\t\t\t\t\t<figcaption class=\"gallery-caption\">\r\n\t\t\t\t\t\tw bramie do innego \u015bwiata  \r\n\t\t\t\t\t\t<\/figcaption><\/figure>\r\n\t\t\t\t\t<figure class=\"gallery-item\">\r\n\t\t\t\t\t\t<a title=\"w rezerwacie   D\u0142ugog\u00f3ry\"  href='https:\/\/www.akademianikona.pl\/blog\/wp-content\/uploads\/2013\/10\/w-rezerwacie-__D\u0142ugog\u00f3ry__.jpg'><img width=\"150\" height=\"150\" src=\"https:\/\/www.akademianikona.pl\/blog\/wp-content\/uploads\/2013\/10\/w-rezerwacie-__D\u0142ugog\u00f3ry__-150x150.jpg\" class=\"attachment-thumbnail size-thumbnail\" alt=\"w rezerwacie   D\u0142ugog\u00f3ry\" loading=\"lazy\" \/><\/a>\r\n\t\t\t\t\t\r\n\t\t\t\t\t\t<figcaption class=\"gallery-caption\">\r\n\t\t\t\t\t\tw rezerwacie   D\u0142ugog\u00f3ry  \r\n\t\t\t\t\t\t<\/figcaption><\/figure>\r\n\t\t\t\t\t<figure class=\"gallery-item\">\r\n\t\t\t\t\t\t<a title=\"wieczorna sesja w rezerwacie   D\u0142ugog\u00f3ry\"  href='https:\/\/www.akademianikona.pl\/blog\/wp-content\/uploads\/2013\/10\/wieczorna-sesja-w-rezerwacie-__D\u0142ugog\u00f3ry__.jpg'><img width=\"150\" height=\"150\" src=\"https:\/\/www.akademianikona.pl\/blog\/wp-content\/uploads\/2013\/10\/wieczorna-sesja-w-rezerwacie-__D\u0142ugog\u00f3ry__-150x150.jpg\" class=\"attachment-thumbnail size-thumbnail\" alt=\"wieczorna sesja w rezerwacie   D\u0142ugog\u00f3ry\" loading=\"lazy\" \/><\/a>\r\n\t\t\t\t\t\r\n\t\t\t\t\t\t<figcaption class=\"gallery-caption\">\r\n\t\t\t\t\t\twieczorna sesja w rezerwacie   D\u0142ugog\u00f3ry  \r\n\t\t\t\t\t\t<\/figcaption><\/figure><\/div><div class=\"gallery-row\">\r\n\t\t\t\t\t<figure class=\"gallery-item\">\r\n\t\t\t\t\t\t<a title=\"Maura w \u017cywiole bagna + aparat\"  href='https:\/\/www.akademianikona.pl\/blog\/wp-content\/uploads\/2013\/10\/Maura-w-\u017cywiole-bagna-+-aparat.jpg'><img width=\"150\" height=\"150\" src=\"https:\/\/www.akademianikona.pl\/blog\/wp-content\/uploads\/2013\/10\/Maura-w-\u017cywiole-bagna-+-aparat-150x150.jpg\" class=\"attachment-thumbnail size-thumbnail\" alt=\"Maura w \u017cywiole bagna + aparat\" loading=\"lazy\" \/><\/a>\r\n\t\t\t\t\t\r\n\t\t\t\t\t\t<figcaption class=\"gallery-caption\">\r\n\t\t\t\t\t\tMaura w \u017cywiole bagna + aparat\r\n\t\t\t\t\t\t<\/figcaption><\/figure>\r\n\t\t\t\t\t<figure class=\"gallery-item\">\r\n\t\t\t\t\t\t<a title=\"DSC 2668\"  href='https:\/\/www.akademianikona.pl\/blog\/wp-content\/uploads\/2013\/10\/DSC_2668.jpg'><img width=\"150\" height=\"150\" src=\"https:\/\/www.akademianikona.pl\/blog\/wp-content\/uploads\/2013\/10\/DSC_2668-150x150.jpg\" class=\"attachment-thumbnail size-thumbnail\" alt=\"DSC 2668\" loading=\"lazy\" \/><\/a>\r\n\t\t\t\t\t\r\n\t\t\t\t\t\t<figcaption class=\"gallery-caption\">\r\n\t\t\t\t\t\tDSC 2668\r\n\t\t\t\t\t\t<\/figcaption><\/figure>\r\n\t\t\t\t\t<figure class=\"gallery-item\">\r\n\t\t\t\t\t\t<a title=\"DSC 2687\"  href='https:\/\/www.akademianikona.pl\/blog\/wp-content\/uploads\/2013\/10\/DSC_2687.jpg'><img width=\"150\" height=\"150\" src=\"https:\/\/www.akademianikona.pl\/blog\/wp-content\/uploads\/2013\/10\/DSC_2687-150x150.jpg\" class=\"attachment-thumbnail size-thumbnail\" alt=\"DSC 2687\" loading=\"lazy\" \/><\/a>\r\n\t\t\t\t\t\r\n\t\t\t\t\t\t<figcaption class=\"gallery-caption\">\r\n\t\t\t\t\t\tDSC 2687\r\n\t\t\t\t\t\t<\/figcaption><\/figure><\/div><div class=\"gallery-row\">\r\n\t\t\t\t\t<figure class=\"gallery-item\">\r\n\t\t\t\t\t\t<a title=\"DSC 2728\"  href='https:\/\/www.akademianikona.pl\/blog\/wp-content\/uploads\/2013\/10\/DSC_2728.jpg'><img width=\"150\" height=\"150\" src=\"https:\/\/www.akademianikona.pl\/blog\/wp-content\/uploads\/2013\/10\/DSC_2728-150x150.jpg\" class=\"attachment-thumbnail size-thumbnail\" alt=\"DSC 2728\" loading=\"lazy\" \/><\/a>\r\n\t\t\t\t\t\r\n\t\t\t\t\t\t<figcaption class=\"gallery-caption\">\r\n\t\t\t\t\t\tDSC 2728\r\n\t\t\t\t\t\t<\/figcaption><\/figure>\r\n\t\t\t\t\t<figure class=\"gallery-item\">\r\n\t\t\t\t\t\t<a title=\"DSC 2785\"  href='https:\/\/www.akademianikona.pl\/blog\/wp-content\/uploads\/2013\/10\/DSC_2785.jpg'><img width=\"150\" height=\"150\" src=\"https:\/\/www.akademianikona.pl\/blog\/wp-content\/uploads\/2013\/10\/DSC_2785-150x150.jpg\" class=\"attachment-thumbnail size-thumbnail\" alt=\"DSC 2785\" loading=\"lazy\" \/><\/a>\r\n\t\t\t\t\t\r\n\t\t\t\t\t\t<figcaption class=\"gallery-caption\">\r\n\t\t\t\t\t\tDSC 2785\r\n\t\t\t\t\t\t<\/figcaption><\/figure><\/section>\n<\/div><\/p>\n","protected":false},"excerpt":{"rendered":"<p> <a class=\"o-btn-more o-btn-more--blog\" href=\"https:\/\/www.akademianikona.pl\/blog\/jesienny-antydepresant\/\"> <span class=\"o-btn-more__text t-event-accent-color--ha-only\">Czytaj wi\u0119cej<\/span> <span class=\"o-btn-more__icon \"> <!--?xml version=\"1.0\" encoding=\"UTF-8\" standalone=\"no\"?--><svg width=\"48\" height=\"24\" viewBox=\"0 0 48 24\" xmlns=\"http:\/\/www.w3.org\/2000\/svg\"><path d=\"M36.586 18.586L41.172 14H2a2 2 0 0 1 0-4h39.172l-4.586-4.586a2 2 0 1 1 2.828-2.828l8 8c.391.39.586.902.586 1.414 0 .512-.195 1.023-.586 1.414l-8 8a2 2 0 1 1-2.828-2.828z\" class=\"show-more-right t-event-accent-color\" fill=\"none\" fill-rule=\"evenodd\"><\/path><\/svg> <\/span><\/a><\/p>\n","protected":false},"author":5,"featured_media":0,"comment_status":"open","ping_status":"open","sticky":false,"template":"","format":"standard","meta":[],"categories":[9,5],"tags":[19,251,109,374,195,225],"yoast_head":"<!-- This site is optimized with the Yoast SEO plugin v18.0 - https:\/\/yoast.com\/wordpress\/plugins\/seo\/ -->\n<title>Jesienny antydepresant :) - 11-13 pa\u017adziernika 2013 w Namy\u015blinie - Akademia Nikona<\/title>\n<meta name=\"robots\" content=\"index, follow, max-snippet:-1, max-image-preview:large, max-video-preview:-1\" \/>\n<link rel=\"canonical\" href=\"https:\/\/www.akademianikona.pl\/blog\/jesienny-antydepresant\/\" \/>\n<meta property=\"og:locale\" content=\"pl_PL\" \/>\n<meta property=\"og:type\" content=\"article\" \/>\n<meta property=\"og:title\" content=\"Jesienny antydepresant :) - 11-13 pa\u017adziernika 2013 w Namy\u015blinie - Akademia Nikona\" \/>\n<meta property=\"og:description\" content=\"Czytaj wi\u0119cej\" \/>\n<meta property=\"og:url\" content=\"https:\/\/www.akademianikona.pl\/blog\/jesienny-antydepresant\/\" \/>\n<meta property=\"og:site_name\" content=\"Akademia Nikona\" \/>\n<meta property=\"article:published_time\" content=\"2013-10-16T08:13:29+00:00\" \/>\n<meta property=\"article:modified_time\" content=\"2014-01-30T14:18:34+00:00\" \/>\n<meta property=\"og:image\" content=\"https:\/\/www.akademianikona.pl\/blog\/wp-content\/uploads\/2013\/10\/Marek-7s-1555px-150x150.jpg\" \/>\n<meta name=\"twitter:card\" content=\"summary_large_image\" \/>\n<meta name=\"twitter:label1\" content=\"Napisane przez\" \/>\n\t<meta name=\"twitter:data1\" content=\"Micha\u0142 Leja\" \/>\n\t<meta name=\"twitter:label2\" content=\"Szacowany czas czytania\" \/>\n\t<meta name=\"twitter:data2\" content=\"4 minuty\" \/>\n<script type=\"application\/ld+json\" class=\"yoast-schema-graph\">{\"@context\":\"https:\/\/schema.org\",\"@graph\":[{\"@type\":\"WebSite\",\"@id\":\"https:\/\/www.akademianikona.pl\/blog\/#website\",\"url\":\"https:\/\/www.akademianikona.pl\/blog\/\",\"name\":\"Akademia Nikona\",\"description\":\"Blog fotograficzny Nikona - fotografia artystyczna\",\"potentialAction\":[{\"@type\":\"SearchAction\",\"target\":{\"@type\":\"EntryPoint\",\"urlTemplate\":\"https:\/\/www.akademianikona.pl\/blog\/?s={search_term_string}\"},\"query-input\":\"required name=search_term_string\"}],\"inLanguage\":\"pl-PL\"},{\"@type\":\"ImageObject\",\"@id\":\"https:\/\/www.akademianikona.pl\/blog\/jesienny-antydepresant\/#primaryimage\",\"inLanguage\":\"pl-PL\",\"url\":\"http:\/\/www.akademianikona.pl\/blog\/wp-content\/uploads\/2013\/10\/Marek-7s-1555px.jpg\",\"contentUrl\":\"http:\/\/www.akademianikona.pl\/blog\/wp-content\/uploads\/2013\/10\/Marek-7s-1555px.jpg\"},{\"@type\":\"WebPage\",\"@id\":\"https:\/\/www.akademianikona.pl\/blog\/jesienny-antydepresant\/#webpage\",\"url\":\"https:\/\/www.akademianikona.pl\/blog\/jesienny-antydepresant\/\",\"name\":\"Jesienny antydepresant :) - 11-13 pa\u017adziernika 2013 w Namy\u015blinie - Akademia Nikona\",\"isPartOf\":{\"@id\":\"https:\/\/www.akademianikona.pl\/blog\/#website\"},\"primaryImageOfPage\":{\"@id\":\"https:\/\/www.akademianikona.pl\/blog\/jesienny-antydepresant\/#primaryimage\"},\"datePublished\":\"2013-10-16T08:13:29+00:00\",\"dateModified\":\"2014-01-30T14:18:34+00:00\",\"author\":{\"@id\":\"https:\/\/www.akademianikona.pl\/blog\/#\/schema\/person\/968baa10d5cdd62ca4bfdf2f3b0a27fb\"},\"breadcrumb\":{\"@id\":\"https:\/\/www.akademianikona.pl\/blog\/jesienny-antydepresant\/#breadcrumb\"},\"inLanguage\":\"pl-PL\",\"potentialAction\":[{\"@type\":\"ReadAction\",\"target\":[\"https:\/\/www.akademianikona.pl\/blog\/jesienny-antydepresant\/\"]}]},{\"@type\":\"BreadcrumbList\",\"@id\":\"https:\/\/www.akademianikona.pl\/blog\/jesienny-antydepresant\/#breadcrumb\",\"itemListElement\":[{\"@type\":\"ListItem\",\"position\":1,\"name\":\"Strona g\u0142\u00f3wna\",\"item\":\"https:\/\/www.akademianikona.pl\/blog\/\"},{\"@type\":\"ListItem\",\"position\":2,\"name\":\"Jesienny antydepresant :) &#8211; 11-13 pa\u017adziernika 2013 w Namy\u015blinie\"}]},{\"@type\":\"Person\",\"@id\":\"https:\/\/www.akademianikona.pl\/blog\/#\/schema\/person\/968baa10d5cdd62ca4bfdf2f3b0a27fb\",\"name\":\"Micha\u0142 Leja\",\"image\":{\"@type\":\"ImageObject\",\"@id\":\"https:\/\/www.akademianikona.pl\/blog\/#personlogo\",\"inLanguage\":\"pl-PL\",\"url\":\"https:\/\/secure.gravatar.com\/avatar\/27c184c1aa71608233b4fca962ceb899?s=96&d=mm&r=g\",\"contentUrl\":\"https:\/\/secure.gravatar.com\/avatar\/27c184c1aa71608233b4fca962ceb899?s=96&d=mm&r=g\",\"caption\":\"Micha\u0142 Leja\"},\"url\":\"https:\/\/www.akademianikona.pl\/blog\/author\/mleja\/\"}]}<\/script>\n<!-- \/ Yoast SEO plugin. -->","yoast_head_json":{"title":"Jesienny antydepresant :) - 11-13 pa\u017adziernika 2013 w Namy\u015blinie - Akademia Nikona","robots":{"index":"index","follow":"follow","max-snippet":"max-snippet:-1","max-image-preview":"max-image-preview:large","max-video-preview":"max-video-preview:-1"},"canonical":"https:\/\/www.akademianikona.pl\/blog\/jesienny-antydepresant\/","og_locale":"pl_PL","og_type":"article","og_title":"Jesienny antydepresant :) - 11-13 pa\u017adziernika 2013 w Namy\u015blinie - Akademia Nikona","og_description":"Czytaj wi\u0119cej","og_url":"https:\/\/www.akademianikona.pl\/blog\/jesienny-antydepresant\/","og_site_name":"Akademia Nikona","article_published_time":"2013-10-16T08:13:29+00:00","article_modified_time":"2014-01-30T14:18:34+00:00","og_image":[{"url":"https:\/\/www.akademianikona.pl\/blog\/wp-content\/uploads\/2013\/10\/Marek-7s-1555px-150x150.jpg"}],"twitter_card":"summary_large_image","twitter_misc":{"Napisane przez":"Micha\u0142 Leja","Szacowany czas czytania":"4 minuty"},"schema":{"@context":"https:\/\/schema.org","@graph":[{"@type":"WebSite","@id":"https:\/\/www.akademianikona.pl\/blog\/#website","url":"https:\/\/www.akademianikona.pl\/blog\/","name":"Akademia Nikona","description":"Blog fotograficzny Nikona - fotografia artystyczna","potentialAction":[{"@type":"SearchAction","target":{"@type":"EntryPoint","urlTemplate":"https:\/\/www.akademianikona.pl\/blog\/?s={search_term_string}"},"query-input":"required name=search_term_string"}],"inLanguage":"pl-PL"},{"@type":"ImageObject","@id":"https:\/\/www.akademianikona.pl\/blog\/jesienny-antydepresant\/#primaryimage","inLanguage":"pl-PL","url":"http:\/\/www.akademianikona.pl\/blog\/wp-content\/uploads\/2013\/10\/Marek-7s-1555px.jpg","contentUrl":"http:\/\/www.akademianikona.pl\/blog\/wp-content\/uploads\/2013\/10\/Marek-7s-1555px.jpg"},{"@type":"WebPage","@id":"https:\/\/www.akademianikona.pl\/blog\/jesienny-antydepresant\/#webpage","url":"https:\/\/www.akademianikona.pl\/blog\/jesienny-antydepresant\/","name":"Jesienny antydepresant :) - 11-13 pa\u017adziernika 2013 w Namy\u015blinie - Akademia Nikona","isPartOf":{"@id":"https:\/\/www.akademianikona.pl\/blog\/#website"},"primaryImageOfPage":{"@id":"https:\/\/www.akademianikona.pl\/blog\/jesienny-antydepresant\/#primaryimage"},"datePublished":"2013-10-16T08:13:29+00:00","dateModified":"2014-01-30T14:18:34+00:00","author":{"@id":"https:\/\/www.akademianikona.pl\/blog\/#\/schema\/person\/968baa10d5cdd62ca4bfdf2f3b0a27fb"},"breadcrumb":{"@id":"https:\/\/www.akademianikona.pl\/blog\/jesienny-antydepresant\/#breadcrumb"},"inLanguage":"pl-PL","potentialAction":[{"@type":"ReadAction","target":["https:\/\/www.akademianikona.pl\/blog\/jesienny-antydepresant\/"]}]},{"@type":"BreadcrumbList","@id":"https:\/\/www.akademianikona.pl\/blog\/jesienny-antydepresant\/#breadcrumb","itemListElement":[{"@type":"ListItem","position":1,"name":"Strona g\u0142\u00f3wna","item":"https:\/\/www.akademianikona.pl\/blog\/"},{"@type":"ListItem","position":2,"name":"Jesienny antydepresant :) &#8211; 11-13 pa\u017adziernika 2013 w Namy\u015blinie"}]},{"@type":"Person","@id":"https:\/\/www.akademianikona.pl\/blog\/#\/schema\/person\/968baa10d5cdd62ca4bfdf2f3b0a27fb","name":"Micha\u0142 Leja","image":{"@type":"ImageObject","@id":"https:\/\/www.akademianikona.pl\/blog\/#personlogo","inLanguage":"pl-PL","url":"https:\/\/secure.gravatar.com\/avatar\/27c184c1aa71608233b4fca962ceb899?s=96&d=mm&r=g","contentUrl":"https:\/\/secure.gravatar.com\/avatar\/27c184c1aa71608233b4fca962ceb899?s=96&d=mm&r=g","caption":"Micha\u0142 Leja"},"url":"https:\/\/www.akademianikona.pl\/blog\/author\/mleja\/"}]}},"_links":{"self":[{"href":"https:\/\/www.akademianikona.pl\/blog\/wp-json\/wp\/v2\/posts\/13100"}],"collection":[{"href":"https:\/\/www.akademianikona.pl\/blog\/wp-json\/wp\/v2\/posts"}],"about":[{"href":"https:\/\/www.akademianikona.pl\/blog\/wp-json\/wp\/v2\/types\/post"}],"author":[{"embeddable":true,"href":"https:\/\/www.akademianikona.pl\/blog\/wp-json\/wp\/v2\/users\/5"}],"replies":[{"embeddable":true,"href":"https:\/\/www.akademianikona.pl\/blog\/wp-json\/wp\/v2\/comments?post=13100"}],"version-history":[{"count":34,"href":"https:\/\/www.akademianikona.pl\/blog\/wp-json\/wp\/v2\/posts\/13100\/revisions"}],"predecessor-version":[{"id":13153,"href":"https:\/\/www.akademianikona.pl\/blog\/wp-json\/wp\/v2\/posts\/13100\/revisions\/13153"}],"wp:attachment":[{"href":"https:\/\/www.akademianikona.pl\/blog\/wp-json\/wp\/v2\/media?parent=13100"}],"wp:term":[{"taxonomy":"category","embeddable":true,"href":"https:\/\/www.akademianikona.pl\/blog\/wp-json\/wp\/v2\/categories?post=13100"},{"taxonomy":"post_tag","embeddable":true,"href":"https:\/\/www.akademianikona.pl\/blog\/wp-json\/wp\/v2\/tags?post=13100"}],"curies":[{"name":"wp","href":"https:\/\/api.w.org\/{rel}","templated":true}]}}