{"id":19954,"date":"2016-07-15T13:30:55","date_gmt":"2016-07-15T11:30:55","guid":{"rendered":"http:\/\/www.akademianikona.pl\/blog\/?p=19954"},"modified":"2017-03-20T14:21:23","modified_gmt":"2017-03-20T13:21:23","slug":"tomasz-kolek-slowo-o-islandii","status":"publish","type":"post","link":"https:\/\/www.akademianikona.pl\/blog\/tomasz-kolek-slowo-o-islandii\/","title":{"rendered":"Tomasz Ko\u0142ek &#8211; s\u0142owo o Islandii"},"content":{"rendered":"<p>Z chwil\u0105 zapisania si\u0119 na t\u0119 wypraw\u0119 rozpocz\u0119\u0142y si\u0119 nasze d\u0142ugie oczekiwania oraz podekscytowanie zwi\u0105zane z przygotowaniami i sam\u0105 przygod\u0105. Nie byli\u015bmy pewni, czy to dobry wyb\u00f3r, ani nie wiedzieli\u015bmy, czego si\u0119 spodziewa\u0107, lecz po wielu godzinach sp\u0119dzonych na studiowaniu kraju, programu, ptak\u00f3w oraz przybli\u017ceniu sobie samej osoby Paw\u0142a i przeanalizowaniu jego dorobku nabiera\u0142em coraz wi\u0119kszego przekonania, \u017ce to dobry wyb\u00f3r. Nie pomyli\u0142em si\u0119, ju\u017c podczas spotkania integruj\u0105cego wiedzia\u0142em, \u017ce b\u0119dzie to jedna z tych wypraw, o kt\u00f3rej opowiada si\u0119 znajomym, rodzinie, dzieciom, a zdj\u0119cia powsta\u0142e podczas pobytu tylko dodadz\u0105 uroku tym opowie\u015bciom. Ju\u017c pierwszy dzie\u0144 \u2013 po zapoznaniu ca\u0142ej ekipy i przylocie na Islandi\u0119 \u2013 zacz\u0105\u0142 si\u0119 ciekawie. Zakupy i przepakowywanie sprz\u0119tu oraz przebieranie si\u0119 na parkingu przy niezbyt rozpieszczaj\u0105cej pogodzie zapowiada\u0142y interesuj\u0105ce wydarzenia podczas nast\u0119pnych dziewi\u0119ciu dni. Pomimo warunk\u00f3w, jakie panowa\u0142y podczas ca\u0142ego wyjazdu, delikatnego narzekania (p\u0142ci pi\u0119knej :)) na brak toalet, braku snu, nocowania nad ranem \ud83d\ude42 w namiotach przy ujemnej temperaturze i wiecznie towarzysz\u0105cym wietrze, dalsza wyprawa nikogo nie zra\u017ca\u0142a, prawie codziennie bowiem udawa\u0142o nam si\u0119 dociera\u0107 nad jaki\u015b basen z ciep\u0142\u0105 wod\u0105 lub termy na otwartym powietrzu, co wspaniale rekompensowa\u0142o zimno, a cz\u0142owiek po sp\u0119dzeniu godzinki w takich warunkach automatycznie \u0142adowa\u0142 baterie na nast\u0119pne godziny. R\u00f3wnie\u017c ciep\u0142e posi\u0142ki w wielu ciekawych i pi\u0119knych widokowo miejscach (niekiedy losowo wybranych) by\u0142y niezapomnianym prze\u017cyciem. Sam kraj i jego przyroda oraz mieszka\u0144cy (i nie mowa tu o ludziach :)) s\u0105 niesamowici, zagadkowi, o czym mo\u017cna by d\u0142ugo opowiada\u0107, ale tak naprawd\u0119, \u017ceby w pe\u0142ni poczu\u0107 ten klimat, trzeba si\u0119 tam wybra\u0107 i samemu zobaczy\u0107 i prze\u017cy\u0107 to wszystko na \u017cywo. G\u00f3ry, ocean, ptaki, g\u00f3ry lodowe, lodowiec, wulkany, bezdro\u017ca, pustynie lawowe pokryte zielonym mchem, konie swobodnie przemieszczaj\u0105ce si\u0119 po ca\u0142ej wyspie \u2013 to tylko nieliczne z atrakcji, jakich mo\u017cna do\u015bwiadczy\u0107 podczas pobytu na Islandii.<\/p>\n<p>Grunt to oczywi\u015bcie dobra organizacja, ciekawy plan, no i przede wszystkim odpowiednia osoba prowadz\u0105ca. Spotkanie z Paw\u0142em to okazja, by ch\u0142on\u0105\u0107 wiedz\u0119 techniczn\u0105 i do\u015bwiadczenie, ale to tak\u017ce okazja do poznania cz\u0142owieka, od kt\u00f3rego mo\u017cna si\u0119 wiele dowiedzie\u0107 nie tylko na temat samej fotografii. To czas, po kt\u00f3rym zostaje wiele nowych my\u015bli, pyta\u0144 i ch\u0119ci robienia r\u00f3\u017cnych ciekawych rzeczy. Nie mog\u0119 r\u00f3wnie\u017c pomin\u0105\u0107 naszego kierowcy, kt\u00f3ry podczas ca\u0142ej wyprawy serwowa\u0142 \u015bwietne posi\u0142ki oraz raczy\u0142 nas du\u017c\u0105 dawk\u0105 lokalnych informacji.<\/p>\n<div id=\"attachment_19965\" style=\"width: 910px\" class=\"wp-caption aligncenter\"><img aria-describedby=\"caption-attachment-19965\" loading=\"lazy\" class=\"size-full wp-image-19965\" src=\"https:\/\/www.akademianikona.pl\/blog\/wp-content\/uploads\/2016\/07\/DSC_6068_01.jpg\" alt=\"fot. Tomasz Ko\u0142ek\" width=\"900\" height=\"599\" srcset=\"https:\/\/www.akademianikona.pl\/blog\/wp-content\/uploads\/2016\/07\/DSC_6068_01.jpg 900w, https:\/\/www.akademianikona.pl\/blog\/wp-content\/uploads\/2016\/07\/DSC_6068_01-300x200.jpg 300w, https:\/\/www.akademianikona.pl\/blog\/wp-content\/uploads\/2016\/07\/DSC_6068_01-768x511.jpg 768w, https:\/\/www.akademianikona.pl\/blog\/wp-content\/uploads\/2016\/07\/DSC_6068_01-451x300.jpg 451w\" sizes=\"(max-width: 900px) 100vw, 900px\" \/><p id=\"caption-attachment-19965\" class=\"wp-caption-text\">fot. Tomasz Ko\u0142ek<\/p><\/div>\n<p><!--more--><\/p>\n<div id=\"attachment_19955\" style=\"width: 910px\" class=\"wp-caption aligncenter\"><img aria-describedby=\"caption-attachment-19955\" loading=\"lazy\" class=\"size-full wp-image-19955\" src=\"https:\/\/www.akademianikona.pl\/blog\/wp-content\/uploads\/2016\/07\/DSC_4070_01.jpg\" alt=\"fot. Tomasz Ko\u0142ek\" width=\"900\" height=\"600\" srcset=\"https:\/\/www.akademianikona.pl\/blog\/wp-content\/uploads\/2016\/07\/DSC_4070_01.jpg 900w, https:\/\/www.akademianikona.pl\/blog\/wp-content\/uploads\/2016\/07\/DSC_4070_01-300x200.jpg 300w, https:\/\/www.akademianikona.pl\/blog\/wp-content\/uploads\/2016\/07\/DSC_4070_01-768x512.jpg 768w, https:\/\/www.akademianikona.pl\/blog\/wp-content\/uploads\/2016\/07\/DSC_4070_01-450x300.jpg 450w\" sizes=\"(max-width: 900px) 100vw, 900px\" \/><p id=\"caption-attachment-19955\" class=\"wp-caption-text\">fot. Tomasz Ko\u0142ek<\/p><\/div>\n<div id=\"attachment_19956\" style=\"width: 910px\" class=\"wp-caption aligncenter\"><img aria-describedby=\"caption-attachment-19956\" loading=\"lazy\" class=\"size-full wp-image-19956\" src=\"https:\/\/www.akademianikona.pl\/blog\/wp-content\/uploads\/2016\/07\/DSC_4434_01.jpg\" alt=\"fot. Tomasz Ko\u0142ek\" width=\"900\" height=\"599\" srcset=\"https:\/\/www.akademianikona.pl\/blog\/wp-content\/uploads\/2016\/07\/DSC_4434_01.jpg 900w, https:\/\/www.akademianikona.pl\/blog\/wp-content\/uploads\/2016\/07\/DSC_4434_01-300x200.jpg 300w, https:\/\/www.akademianikona.pl\/blog\/wp-content\/uploads\/2016\/07\/DSC_4434_01-768x511.jpg 768w, https:\/\/www.akademianikona.pl\/blog\/wp-content\/uploads\/2016\/07\/DSC_4434_01-451x300.jpg 451w\" sizes=\"(max-width: 900px) 100vw, 900px\" \/><p id=\"caption-attachment-19956\" class=\"wp-caption-text\">fot. Tomasz Ko\u0142ek<\/p><\/div>\n<div id=\"attachment_19957\" style=\"width: 910px\" class=\"wp-caption aligncenter\"><img aria-describedby=\"caption-attachment-19957\" loading=\"lazy\" class=\"size-full wp-image-19957\" src=\"https:\/\/www.akademianikona.pl\/blog\/wp-content\/uploads\/2016\/07\/DSC_4566_01.jpg\" alt=\"fot. Tomasz Ko\u0142ek\" width=\"900\" height=\"599\" srcset=\"https:\/\/www.akademianikona.pl\/blog\/wp-content\/uploads\/2016\/07\/DSC_4566_01.jpg 900w, https:\/\/www.akademianikona.pl\/blog\/wp-content\/uploads\/2016\/07\/DSC_4566_01-300x200.jpg 300w, https:\/\/www.akademianikona.pl\/blog\/wp-content\/uploads\/2016\/07\/DSC_4566_01-768x511.jpg 768w, https:\/\/www.akademianikona.pl\/blog\/wp-content\/uploads\/2016\/07\/DSC_4566_01-451x300.jpg 451w\" sizes=\"(max-width: 900px) 100vw, 900px\" \/><p id=\"caption-attachment-19957\" class=\"wp-caption-text\">fot. Tomasz Ko\u0142ek<\/p><\/div>\n<div id=\"attachment_19958\" style=\"width: 910px\" class=\"wp-caption alignnone\"><img aria-describedby=\"caption-attachment-19958\" loading=\"lazy\" class=\"size-full wp-image-19958\" src=\"https:\/\/www.akademianikona.pl\/blog\/wp-content\/uploads\/2016\/07\/DSC_4678_01.jpg\" alt=\"fot. Tomasz Ko\u0142ek\" width=\"900\" height=\"599\" srcset=\"https:\/\/www.akademianikona.pl\/blog\/wp-content\/uploads\/2016\/07\/DSC_4678_01.jpg 900w, https:\/\/www.akademianikona.pl\/blog\/wp-content\/uploads\/2016\/07\/DSC_4678_01-300x200.jpg 300w, https:\/\/www.akademianikona.pl\/blog\/wp-content\/uploads\/2016\/07\/DSC_4678_01-768x511.jpg 768w, https:\/\/www.akademianikona.pl\/blog\/wp-content\/uploads\/2016\/07\/DSC_4678_01-451x300.jpg 451w\" sizes=\"(max-width: 900px) 100vw, 900px\" \/><p id=\"caption-attachment-19958\" class=\"wp-caption-text\">fot. Tomasz Ko\u0142ek<\/p><\/div>\n<div id=\"attachment_19959\" style=\"width: 910px\" class=\"wp-caption aligncenter\"><img aria-describedby=\"caption-attachment-19959\" loading=\"lazy\" class=\"size-full wp-image-19959\" src=\"https:\/\/www.akademianikona.pl\/blog\/wp-content\/uploads\/2016\/07\/DSC_5059_01.jpg\" alt=\"fot. Tomasz Ko\u0142ek\" width=\"900\" height=\"599\" srcset=\"https:\/\/www.akademianikona.pl\/blog\/wp-content\/uploads\/2016\/07\/DSC_5059_01.jpg 900w, https:\/\/www.akademianikona.pl\/blog\/wp-content\/uploads\/2016\/07\/DSC_5059_01-300x200.jpg 300w, https:\/\/www.akademianikona.pl\/blog\/wp-content\/uploads\/2016\/07\/DSC_5059_01-768x511.jpg 768w, https:\/\/www.akademianikona.pl\/blog\/wp-content\/uploads\/2016\/07\/DSC_5059_01-451x300.jpg 451w\" sizes=\"(max-width: 900px) 100vw, 900px\" \/><p id=\"caption-attachment-19959\" class=\"wp-caption-text\">fot. Tomasz Ko\u0142ek<\/p><\/div>\n<div id=\"attachment_19960\" style=\"width: 910px\" class=\"wp-caption aligncenter\"><img aria-describedby=\"caption-attachment-19960\" loading=\"lazy\" class=\"size-full wp-image-19960\" src=\"https:\/\/www.akademianikona.pl\/blog\/wp-content\/uploads\/2016\/07\/DSC_5098_01.jpg\" alt=\"fot. Tomasz Ko\u0142ek\" width=\"900\" height=\"599\" srcset=\"https:\/\/www.akademianikona.pl\/blog\/wp-content\/uploads\/2016\/07\/DSC_5098_01.jpg 900w, https:\/\/www.akademianikona.pl\/blog\/wp-content\/uploads\/2016\/07\/DSC_5098_01-300x200.jpg 300w, https:\/\/www.akademianikona.pl\/blog\/wp-content\/uploads\/2016\/07\/DSC_5098_01-768x511.jpg 768w, https:\/\/www.akademianikona.pl\/blog\/wp-content\/uploads\/2016\/07\/DSC_5098_01-451x300.jpg 451w\" sizes=\"(max-width: 900px) 100vw, 900px\" \/><p id=\"caption-attachment-19960\" class=\"wp-caption-text\">fot. Tomasz Ko\u0142ek<\/p><\/div>\n<div id=\"attachment_19961\" style=\"width: 910px\" class=\"wp-caption aligncenter\"><img aria-describedby=\"caption-attachment-19961\" loading=\"lazy\" class=\"size-full wp-image-19961\" src=\"https:\/\/www.akademianikona.pl\/blog\/wp-content\/uploads\/2016\/07\/DSC_5184_01.jpg\" alt=\"fot. Tomasz Ko\u0142ek\" width=\"900\" height=\"599\" srcset=\"https:\/\/www.akademianikona.pl\/blog\/wp-content\/uploads\/2016\/07\/DSC_5184_01.jpg 900w, https:\/\/www.akademianikona.pl\/blog\/wp-content\/uploads\/2016\/07\/DSC_5184_01-300x200.jpg 300w, https:\/\/www.akademianikona.pl\/blog\/wp-content\/uploads\/2016\/07\/DSC_5184_01-768x511.jpg 768w, https:\/\/www.akademianikona.pl\/blog\/wp-content\/uploads\/2016\/07\/DSC_5184_01-451x300.jpg 451w\" sizes=\"(max-width: 900px) 100vw, 900px\" \/><p id=\"caption-attachment-19961\" class=\"wp-caption-text\">fot. Tomasz Ko\u0142ek<\/p><\/div>\n<div id=\"attachment_19962\" style=\"width: 910px\" class=\"wp-caption aligncenter\"><img aria-describedby=\"caption-attachment-19962\" loading=\"lazy\" class=\"size-full wp-image-19962\" src=\"https:\/\/www.akademianikona.pl\/blog\/wp-content\/uploads\/2016\/07\/DSC_5343_01.jpg\" alt=\"fot. Tomasz Ko\u0142ek\" width=\"900\" height=\"599\" srcset=\"https:\/\/www.akademianikona.pl\/blog\/wp-content\/uploads\/2016\/07\/DSC_5343_01.jpg 900w, https:\/\/www.akademianikona.pl\/blog\/wp-content\/uploads\/2016\/07\/DSC_5343_01-300x200.jpg 300w, https:\/\/www.akademianikona.pl\/blog\/wp-content\/uploads\/2016\/07\/DSC_5343_01-768x511.jpg 768w, https:\/\/www.akademianikona.pl\/blog\/wp-content\/uploads\/2016\/07\/DSC_5343_01-451x300.jpg 451w\" sizes=\"(max-width: 900px) 100vw, 900px\" \/><p id=\"caption-attachment-19962\" class=\"wp-caption-text\">fot. Tomasz Ko\u0142ek<\/p><\/div>\n<div id=\"attachment_19963\" style=\"width: 910px\" class=\"wp-caption aligncenter\"><img aria-describedby=\"caption-attachment-19963\" loading=\"lazy\" class=\"size-full wp-image-19963\" src=\"https:\/\/www.akademianikona.pl\/blog\/wp-content\/uploads\/2016\/07\/DSC_5505_01.jpg\" alt=\"fot. Tomasz Ko\u0142ek\" width=\"900\" height=\"599\" srcset=\"https:\/\/www.akademianikona.pl\/blog\/wp-content\/uploads\/2016\/07\/DSC_5505_01.jpg 900w, https:\/\/www.akademianikona.pl\/blog\/wp-content\/uploads\/2016\/07\/DSC_5505_01-300x200.jpg 300w, https:\/\/www.akademianikona.pl\/blog\/wp-content\/uploads\/2016\/07\/DSC_5505_01-768x511.jpg 768w, https:\/\/www.akademianikona.pl\/blog\/wp-content\/uploads\/2016\/07\/DSC_5505_01-451x300.jpg 451w\" sizes=\"(max-width: 900px) 100vw, 900px\" \/><p id=\"caption-attachment-19963\" class=\"wp-caption-text\">fot. Tomasz Ko\u0142ek<\/p><\/div>\n<div id=\"attachment_19964\" style=\"width: 910px\" class=\"wp-caption aligncenter\"><img aria-describedby=\"caption-attachment-19964\" loading=\"lazy\" class=\"size-full wp-image-19964\" src=\"https:\/\/www.akademianikona.pl\/blog\/wp-content\/uploads\/2016\/07\/DSC_5556_01.jpg\" alt=\"fot. Tomasz Ko\u0142ek\" width=\"900\" height=\"599\" srcset=\"https:\/\/www.akademianikona.pl\/blog\/wp-content\/uploads\/2016\/07\/DSC_5556_01.jpg 900w, https:\/\/www.akademianikona.pl\/blog\/wp-content\/uploads\/2016\/07\/DSC_5556_01-300x200.jpg 300w, https:\/\/www.akademianikona.pl\/blog\/wp-content\/uploads\/2016\/07\/DSC_5556_01-768x511.jpg 768w, https:\/\/www.akademianikona.pl\/blog\/wp-content\/uploads\/2016\/07\/DSC_5556_01-451x300.jpg 451w\" sizes=\"(max-width: 900px) 100vw, 900px\" \/><p id=\"caption-attachment-19964\" class=\"wp-caption-text\">fot. Tomasz Ko\u0142ek<\/p><\/div>\n<div id=\"attachment_19966\" style=\"width: 910px\" class=\"wp-caption aligncenter\"><img aria-describedby=\"caption-attachment-19966\" loading=\"lazy\" class=\"size-full wp-image-19966\" src=\"https:\/\/www.akademianikona.pl\/blog\/wp-content\/uploads\/2016\/07\/KOLI0129_01.jpg\" alt=\"fot. Tomasz Ko\u0142ek\" width=\"900\" height=\"599\" srcset=\"https:\/\/www.akademianikona.pl\/blog\/wp-content\/uploads\/2016\/07\/KOLI0129_01.jpg 900w, https:\/\/www.akademianikona.pl\/blog\/wp-content\/uploads\/2016\/07\/KOLI0129_01-300x200.jpg 300w, https:\/\/www.akademianikona.pl\/blog\/wp-content\/uploads\/2016\/07\/KOLI0129_01-768x511.jpg 768w, https:\/\/www.akademianikona.pl\/blog\/wp-content\/uploads\/2016\/07\/KOLI0129_01-451x300.jpg 451w\" sizes=\"(max-width: 900px) 100vw, 900px\" \/><p id=\"caption-attachment-19966\" class=\"wp-caption-text\">fot. Tomasz Ko\u0142ek<\/p><\/div>\n<div id=\"attachment_19967\" style=\"width: 910px\" class=\"wp-caption aligncenter\"><img aria-describedby=\"caption-attachment-19967\" loading=\"lazy\" class=\"size-full wp-image-19967\" src=\"https:\/\/www.akademianikona.pl\/blog\/wp-content\/uploads\/2016\/07\/KOLI0242_01.jpg\" alt=\"fot. Tomasz Ko\u0142ek\" width=\"900\" height=\"599\" srcset=\"https:\/\/www.akademianikona.pl\/blog\/wp-content\/uploads\/2016\/07\/KOLI0242_01.jpg 900w, https:\/\/www.akademianikona.pl\/blog\/wp-content\/uploads\/2016\/07\/KOLI0242_01-300x200.jpg 300w, https:\/\/www.akademianikona.pl\/blog\/wp-content\/uploads\/2016\/07\/KOLI0242_01-768x511.jpg 768w, https:\/\/www.akademianikona.pl\/blog\/wp-content\/uploads\/2016\/07\/KOLI0242_01-451x300.jpg 451w\" sizes=\"(max-width: 900px) 100vw, 900px\" \/><p id=\"caption-attachment-19967\" class=\"wp-caption-text\">fot. Tomasz Ko\u0142ek<\/p><\/div>\n<div class=\"gallery\"><section id='gallery-1' class='clearfix gallery galleryid-19954 gallery-columns-3 gallery-size-thumbnail'><div class=\"gallery-row\">\r\n\t\t\t\t\t<figure class=\"gallery-item\">\r\n\t\t\t\t\t\t<a title=\"KOLI0242 01\"  href='https:\/\/www.akademianikona.pl\/blog\/wp-content\/uploads\/2016\/07\/KOLI0242_01.jpg'><img width=\"150\" height=\"150\" src=\"https:\/\/www.akademianikona.pl\/blog\/wp-content\/uploads\/2016\/07\/KOLI0242_01-150x150.jpg\" class=\"attachment-thumbnail size-thumbnail\" alt=\"KOLI0242 01\" loading=\"lazy\" \/><\/a>\r\n\t\t\t\t\t\r\n\t\t\t\t\t\t<figcaption class=\"gallery-caption\">\r\n\t\t\t\t\t\tKOLI0242 01\r\n\t\t\t\t\t\t<\/figcaption><\/figure>\r\n\t\t\t\t\t<figure class=\"gallery-item\">\r\n\t\t\t\t\t\t<a title=\"KOLI0129 01\"  href='https:\/\/www.akademianikona.pl\/blog\/wp-content\/uploads\/2016\/07\/KOLI0129_01.jpg'><img width=\"150\" height=\"150\" src=\"https:\/\/www.akademianikona.pl\/blog\/wp-content\/uploads\/2016\/07\/KOLI0129_01-150x150.jpg\" class=\"attachment-thumbnail size-thumbnail\" alt=\"KOLI0129 01\" loading=\"lazy\" \/><\/a>\r\n\t\t\t\t\t\r\n\t\t\t\t\t\t<figcaption class=\"gallery-caption\">\r\n\t\t\t\t\t\tKOLI0129 01\r\n\t\t\t\t\t\t<\/figcaption><\/figure>\r\n\t\t\t\t\t<figure class=\"gallery-item\">\r\n\t\t\t\t\t\t<a title=\"DSC 6068 01\"  href='https:\/\/www.akademianikona.pl\/blog\/wp-content\/uploads\/2016\/07\/DSC_6068_01.jpg'><img width=\"150\" height=\"150\" src=\"https:\/\/www.akademianikona.pl\/blog\/wp-content\/uploads\/2016\/07\/DSC_6068_01-150x150.jpg\" class=\"attachment-thumbnail size-thumbnail\" alt=\"DSC 6068 01\" loading=\"lazy\" \/><\/a>\r\n\t\t\t\t\t\r\n\t\t\t\t\t\t<figcaption class=\"gallery-caption\">\r\n\t\t\t\t\t\tDSC 6068 01\r\n\t\t\t\t\t\t<\/figcaption><\/figure><\/div><div class=\"gallery-row\">\r\n\t\t\t\t\t<figure class=\"gallery-item\">\r\n\t\t\t\t\t\t<a title=\"DSC 5556 01\"  href='https:\/\/www.akademianikona.pl\/blog\/wp-content\/uploads\/2016\/07\/DSC_5556_01.jpg'><img width=\"150\" height=\"150\" src=\"https:\/\/www.akademianikona.pl\/blog\/wp-content\/uploads\/2016\/07\/DSC_5556_01-150x150.jpg\" class=\"attachment-thumbnail size-thumbnail\" alt=\"DSC 5556 01\" loading=\"lazy\" \/><\/a>\r\n\t\t\t\t\t\r\n\t\t\t\t\t\t<figcaption class=\"gallery-caption\">\r\n\t\t\t\t\t\tDSC 5556 01\r\n\t\t\t\t\t\t<\/figcaption><\/figure>\r\n\t\t\t\t\t<figure class=\"gallery-item\">\r\n\t\t\t\t\t\t<a title=\"DSC 5505 01\"  href='https:\/\/www.akademianikona.pl\/blog\/wp-content\/uploads\/2016\/07\/DSC_5505_01.jpg'><img width=\"150\" height=\"150\" src=\"https:\/\/www.akademianikona.pl\/blog\/wp-content\/uploads\/2016\/07\/DSC_5505_01-150x150.jpg\" class=\"attachment-thumbnail size-thumbnail\" alt=\"DSC 5505 01\" loading=\"lazy\" \/><\/a>\r\n\t\t\t\t\t\r\n\t\t\t\t\t\t<figcaption class=\"gallery-caption\">\r\n\t\t\t\t\t\tDSC 5505 01\r\n\t\t\t\t\t\t<\/figcaption><\/figure>\r\n\t\t\t\t\t<figure class=\"gallery-item\">\r\n\t\t\t\t\t\t<a title=\"DSC 5343 01\"  href='https:\/\/www.akademianikona.pl\/blog\/wp-content\/uploads\/2016\/07\/DSC_5343_01.jpg'><img width=\"150\" height=\"150\" src=\"https:\/\/www.akademianikona.pl\/blog\/wp-content\/uploads\/2016\/07\/DSC_5343_01-150x150.jpg\" class=\"attachment-thumbnail size-thumbnail\" alt=\"DSC 5343 01\" loading=\"lazy\" \/><\/a>\r\n\t\t\t\t\t\r\n\t\t\t\t\t\t<figcaption class=\"gallery-caption\">\r\n\t\t\t\t\t\tDSC 5343 01\r\n\t\t\t\t\t\t<\/figcaption><\/figure><\/div><div class=\"gallery-row\">\r\n\t\t\t\t\t<figure class=\"gallery-item\">\r\n\t\t\t\t\t\t<a title=\"DSC 5184 01\"  href='https:\/\/www.akademianikona.pl\/blog\/wp-content\/uploads\/2016\/07\/DSC_5184_01.jpg'><img width=\"150\" height=\"150\" src=\"https:\/\/www.akademianikona.pl\/blog\/wp-content\/uploads\/2016\/07\/DSC_5184_01-150x150.jpg\" class=\"attachment-thumbnail size-thumbnail\" alt=\"DSC 5184 01\" loading=\"lazy\" \/><\/a>\r\n\t\t\t\t\t\r\n\t\t\t\t\t\t<figcaption class=\"gallery-caption\">\r\n\t\t\t\t\t\tDSC 5184 01\r\n\t\t\t\t\t\t<\/figcaption><\/figure>\r\n\t\t\t\t\t<figure class=\"gallery-item\">\r\n\t\t\t\t\t\t<a title=\"DSC 5098 01\"  href='https:\/\/www.akademianikona.pl\/blog\/wp-content\/uploads\/2016\/07\/DSC_5098_01.jpg'><img width=\"150\" height=\"150\" src=\"https:\/\/www.akademianikona.pl\/blog\/wp-content\/uploads\/2016\/07\/DSC_5098_01-150x150.jpg\" class=\"attachment-thumbnail size-thumbnail\" alt=\"DSC 5098 01\" loading=\"lazy\" \/><\/a>\r\n\t\t\t\t\t\r\n\t\t\t\t\t\t<figcaption class=\"gallery-caption\">\r\n\t\t\t\t\t\tDSC 5098 01\r\n\t\t\t\t\t\t<\/figcaption><\/figure>\r\n\t\t\t\t\t<figure class=\"gallery-item\">\r\n\t\t\t\t\t\t<a title=\"DSC 5059 01\"  href='https:\/\/www.akademianikona.pl\/blog\/wp-content\/uploads\/2016\/07\/DSC_5059_01.jpg'><img width=\"150\" height=\"150\" src=\"https:\/\/www.akademianikona.pl\/blog\/wp-content\/uploads\/2016\/07\/DSC_5059_01-150x150.jpg\" class=\"attachment-thumbnail size-thumbnail\" alt=\"DSC 5059 01\" loading=\"lazy\" \/><\/a>\r\n\t\t\t\t\t\r\n\t\t\t\t\t\t<figcaption class=\"gallery-caption\">\r\n\t\t\t\t\t\tDSC 5059 01\r\n\t\t\t\t\t\t<\/figcaption><\/figure><\/div><div class=\"gallery-row\">\r\n\t\t\t\t\t<figure class=\"gallery-item\">\r\n\t\t\t\t\t\t<a title=\"DSC 4678 01\"  href='https:\/\/www.akademianikona.pl\/blog\/wp-content\/uploads\/2016\/07\/DSC_4678_01.jpg'><img width=\"150\" height=\"150\" src=\"https:\/\/www.akademianikona.pl\/blog\/wp-content\/uploads\/2016\/07\/DSC_4678_01-150x150.jpg\" class=\"attachment-thumbnail size-thumbnail\" alt=\"DSC 4678 01\" loading=\"lazy\" \/><\/a>\r\n\t\t\t\t\t\r\n\t\t\t\t\t\t<figcaption class=\"gallery-caption\">\r\n\t\t\t\t\t\tDSC 4678 01\r\n\t\t\t\t\t\t<\/figcaption><\/figure>\r\n\t\t\t\t\t<figure class=\"gallery-item\">\r\n\t\t\t\t\t\t<a title=\"DSC 4566 01\"  href='https:\/\/www.akademianikona.pl\/blog\/wp-content\/uploads\/2016\/07\/DSC_4566_01.jpg'><img width=\"150\" height=\"150\" src=\"https:\/\/www.akademianikona.pl\/blog\/wp-content\/uploads\/2016\/07\/DSC_4566_01-150x150.jpg\" class=\"attachment-thumbnail size-thumbnail\" alt=\"DSC 4566 01\" loading=\"lazy\" \/><\/a>\r\n\t\t\t\t\t\r\n\t\t\t\t\t\t<figcaption class=\"gallery-caption\">\r\n\t\t\t\t\t\tDSC 4566 01\r\n\t\t\t\t\t\t<\/figcaption><\/figure>\r\n\t\t\t\t\t<figure class=\"gallery-item\">\r\n\t\t\t\t\t\t<a title=\"DSC 4434 01\"  href='https:\/\/www.akademianikona.pl\/blog\/wp-content\/uploads\/2016\/07\/DSC_4434_01.jpg'><img width=\"150\" height=\"150\" src=\"https:\/\/www.akademianikona.pl\/blog\/wp-content\/uploads\/2016\/07\/DSC_4434_01-150x150.jpg\" class=\"attachment-thumbnail size-thumbnail\" alt=\"DSC 4434 01\" loading=\"lazy\" \/><\/a>\r\n\t\t\t\t\t\r\n\t\t\t\t\t\t<figcaption class=\"gallery-caption\">\r\n\t\t\t\t\t\tDSC 4434 01\r\n\t\t\t\t\t\t<\/figcaption><\/figure><\/div><div class=\"gallery-row\">\r\n\t\t\t\t\t<figure class=\"gallery-item\">\r\n\t\t\t\t\t\t<a title=\"DSC 4070 01\"  href='https:\/\/www.akademianikona.pl\/blog\/wp-content\/uploads\/2016\/07\/DSC_4070_01.jpg'><img width=\"150\" height=\"150\" src=\"https:\/\/www.akademianikona.pl\/blog\/wp-content\/uploads\/2016\/07\/DSC_4070_01-150x150.jpg\" class=\"attachment-thumbnail size-thumbnail\" alt=\"DSC 4070 01\" loading=\"lazy\" \/><\/a>\r\n\t\t\t\t\t\r\n\t\t\t\t\t\t<figcaption class=\"gallery-caption\">\r\n\t\t\t\t\t\tDSC 4070 01\r\n\t\t\t\t\t\t<\/figcaption><\/figure><\/section>\n<\/div>\n","protected":false},"excerpt":{"rendered":"<p>Z chwil\u0105 zapisania si\u0119 na t\u0119 wypraw\u0119 rozpocz\u0119\u0142y si\u0119 nasze d\u0142ugie oczekiwania oraz podekscytowanie zwi\u0105zane z przygotowaniami i sam\u0105 przygod\u0105. Nie byli\u015bmy pewni, czy to dobry wyb\u00f3r, ani nie wiedzieli\u015bmy, czego si\u0119 spodziewa\u0107, lecz po wielu godzinach sp\u0119dzonych na studiowaniu <a class=\"o-btn-more o-btn-more--blog\" href=\"https:\/\/www.akademianikona.pl\/blog\/tomasz-kolek-slowo-o-islandii\/\"> <span class=\"o-btn-more__text t-event-accent-color--ha-only\">Czytaj wi\u0119cej<\/span> <span class=\"o-btn-more__icon \"> <!--?xml version=\"1.0\" encoding=\"UTF-8\" standalone=\"no\"?--><svg width=\"48\" height=\"24\" viewBox=\"0 0 48 24\" xmlns=\"http:\/\/www.w3.org\/2000\/svg\"><path d=\"M36.586 18.586L41.172 14H2a2 2 0 0 1 0-4h39.172l-4.586-4.586a2 2 0 1 1 2.828-2.828l8 8c.391.39.586.902.586 1.414 0 .512-.195 1.023-.586 1.414l-8 8a2 2 0 1 1-2.828-2.828z\" class=\"show-more-right t-event-accent-color\" fill=\"none\" fill-rule=\"evenodd\"><\/path><\/svg> <\/span><\/a><\/p>\n","protected":false},"author":5,"featured_media":0,"comment_status":"open","ping_status":"open","sticky":false,"template":"","format":"standard","meta":[],"categories":[565,7,5],"tags":[19,99,404,195],"yoast_head":"<!-- This site is optimized with the Yoast SEO plugin v18.0 - https:\/\/yoast.com\/wordpress\/plugins\/seo\/ -->\n<title>Tomasz Ko\u0142ek - s\u0142owo o Islandii - Akademia Nikona<\/title>\n<meta name=\"robots\" content=\"index, follow, max-snippet:-1, max-image-preview:large, max-video-preview:-1\" \/>\n<link rel=\"canonical\" href=\"https:\/\/www.akademianikona.pl\/blog\/tomasz-kolek-slowo-o-islandii\/\" \/>\n<meta property=\"og:locale\" content=\"pl_PL\" \/>\n<meta property=\"og:type\" content=\"article\" \/>\n<meta property=\"og:title\" content=\"Tomasz Ko\u0142ek - s\u0142owo o Islandii - Akademia Nikona\" \/>\n<meta property=\"og:description\" content=\"Z chwil\u0105 zapisania si\u0119 na t\u0119 wypraw\u0119 rozpocz\u0119\u0142y si\u0119 nasze d\u0142ugie oczekiwania oraz podekscytowanie zwi\u0105zane z przygotowaniami i sam\u0105 przygod\u0105. Nie byli\u015bmy pewni, czy to dobry wyb\u00f3r, ani nie wiedzieli\u015bmy, czego si\u0119 spodziewa\u0107, lecz po wielu godzinach sp\u0119dzonych na studiowaniu Czytaj wi\u0119cej\" \/>\n<meta property=\"og:url\" content=\"https:\/\/www.akademianikona.pl\/blog\/tomasz-kolek-slowo-o-islandii\/\" \/>\n<meta property=\"og:site_name\" content=\"Akademia Nikona\" \/>\n<meta property=\"article:published_time\" content=\"2016-07-15T11:30:55+00:00\" \/>\n<meta property=\"article:modified_time\" content=\"2017-03-20T13:21:23+00:00\" \/>\n<meta property=\"og:image\" content=\"https:\/\/www.akademianikona.pl\/blog\/wp-content\/uploads\/2016\/07\/KOLI0242_01-150x150.jpg\" \/>\n<meta name=\"twitter:card\" content=\"summary_large_image\" \/>\n<meta name=\"twitter:label1\" content=\"Napisane przez\" \/>\n\t<meta name=\"twitter:data1\" content=\"Micha\u0142 Leja\" \/>\n\t<meta name=\"twitter:label2\" content=\"Szacowany czas czytania\" \/>\n\t<meta name=\"twitter:data2\" content=\"3 minuty\" \/>\n<script type=\"application\/ld+json\" class=\"yoast-schema-graph\">{\"@context\":\"https:\/\/schema.org\",\"@graph\":[{\"@type\":\"WebSite\",\"@id\":\"https:\/\/www.akademianikona.pl\/blog\/#website\",\"url\":\"https:\/\/www.akademianikona.pl\/blog\/\",\"name\":\"Akademia Nikona\",\"description\":\"Blog fotograficzny Nikona - fotografia artystyczna\",\"potentialAction\":[{\"@type\":\"SearchAction\",\"target\":{\"@type\":\"EntryPoint\",\"urlTemplate\":\"https:\/\/www.akademianikona.pl\/blog\/?s={search_term_string}\"},\"query-input\":\"required name=search_term_string\"}],\"inLanguage\":\"pl-PL\"},{\"@type\":\"ImageObject\",\"@id\":\"https:\/\/www.akademianikona.pl\/blog\/tomasz-kolek-slowo-o-islandii\/#primaryimage\",\"inLanguage\":\"pl-PL\",\"url\":\"http:\/\/www.akademianikona.pl\/blog\/wp-content\/uploads\/2016\/07\/DSC_6068_01.jpg\",\"contentUrl\":\"http:\/\/www.akademianikona.pl\/blog\/wp-content\/uploads\/2016\/07\/DSC_6068_01.jpg\"},{\"@type\":\"WebPage\",\"@id\":\"https:\/\/www.akademianikona.pl\/blog\/tomasz-kolek-slowo-o-islandii\/#webpage\",\"url\":\"https:\/\/www.akademianikona.pl\/blog\/tomasz-kolek-slowo-o-islandii\/\",\"name\":\"Tomasz Ko\u0142ek - s\u0142owo o Islandii - Akademia Nikona\",\"isPartOf\":{\"@id\":\"https:\/\/www.akademianikona.pl\/blog\/#website\"},\"primaryImageOfPage\":{\"@id\":\"https:\/\/www.akademianikona.pl\/blog\/tomasz-kolek-slowo-o-islandii\/#primaryimage\"},\"datePublished\":\"2016-07-15T11:30:55+00:00\",\"dateModified\":\"2017-03-20T13:21:23+00:00\",\"author\":{\"@id\":\"https:\/\/www.akademianikona.pl\/blog\/#\/schema\/person\/968baa10d5cdd62ca4bfdf2f3b0a27fb\"},\"breadcrumb\":{\"@id\":\"https:\/\/www.akademianikona.pl\/blog\/tomasz-kolek-slowo-o-islandii\/#breadcrumb\"},\"inLanguage\":\"pl-PL\",\"potentialAction\":[{\"@type\":\"ReadAction\",\"target\":[\"https:\/\/www.akademianikona.pl\/blog\/tomasz-kolek-slowo-o-islandii\/\"]}]},{\"@type\":\"BreadcrumbList\",\"@id\":\"https:\/\/www.akademianikona.pl\/blog\/tomasz-kolek-slowo-o-islandii\/#breadcrumb\",\"itemListElement\":[{\"@type\":\"ListItem\",\"position\":1,\"name\":\"Strona g\u0142\u00f3wna\",\"item\":\"https:\/\/www.akademianikona.pl\/blog\/\"},{\"@type\":\"ListItem\",\"position\":2,\"name\":\"Tomasz Ko\u0142ek &#8211; s\u0142owo o Islandii\"}]},{\"@type\":\"Person\",\"@id\":\"https:\/\/www.akademianikona.pl\/blog\/#\/schema\/person\/968baa10d5cdd62ca4bfdf2f3b0a27fb\",\"name\":\"Micha\u0142 Leja\",\"image\":{\"@type\":\"ImageObject\",\"@id\":\"https:\/\/www.akademianikona.pl\/blog\/#personlogo\",\"inLanguage\":\"pl-PL\",\"url\":\"https:\/\/secure.gravatar.com\/avatar\/27c184c1aa71608233b4fca962ceb899?s=96&d=mm&r=g\",\"contentUrl\":\"https:\/\/secure.gravatar.com\/avatar\/27c184c1aa71608233b4fca962ceb899?s=96&d=mm&r=g\",\"caption\":\"Micha\u0142 Leja\"},\"url\":\"https:\/\/www.akademianikona.pl\/blog\/author\/mleja\/\"}]}<\/script>\n<!-- \/ Yoast SEO plugin. -->","yoast_head_json":{"title":"Tomasz Ko\u0142ek - s\u0142owo o Islandii - Akademia Nikona","robots":{"index":"index","follow":"follow","max-snippet":"max-snippet:-1","max-image-preview":"max-image-preview:large","max-video-preview":"max-video-preview:-1"},"canonical":"https:\/\/www.akademianikona.pl\/blog\/tomasz-kolek-slowo-o-islandii\/","og_locale":"pl_PL","og_type":"article","og_title":"Tomasz Ko\u0142ek - s\u0142owo o Islandii - Akademia Nikona","og_description":"Z chwil\u0105 zapisania si\u0119 na t\u0119 wypraw\u0119 rozpocz\u0119\u0142y si\u0119 nasze d\u0142ugie oczekiwania oraz podekscytowanie zwi\u0105zane z przygotowaniami i sam\u0105 przygod\u0105. Nie byli\u015bmy pewni, czy to dobry wyb\u00f3r, ani nie wiedzieli\u015bmy, czego si\u0119 spodziewa\u0107, lecz po wielu godzinach sp\u0119dzonych na studiowaniu Czytaj wi\u0119cej","og_url":"https:\/\/www.akademianikona.pl\/blog\/tomasz-kolek-slowo-o-islandii\/","og_site_name":"Akademia Nikona","article_published_time":"2016-07-15T11:30:55+00:00","article_modified_time":"2017-03-20T13:21:23+00:00","og_image":[{"url":"https:\/\/www.akademianikona.pl\/blog\/wp-content\/uploads\/2016\/07\/KOLI0242_01-150x150.jpg"}],"twitter_card":"summary_large_image","twitter_misc":{"Napisane przez":"Micha\u0142 Leja","Szacowany czas czytania":"3 minuty"},"schema":{"@context":"https:\/\/schema.org","@graph":[{"@type":"WebSite","@id":"https:\/\/www.akademianikona.pl\/blog\/#website","url":"https:\/\/www.akademianikona.pl\/blog\/","name":"Akademia Nikona","description":"Blog fotograficzny Nikona - fotografia artystyczna","potentialAction":[{"@type":"SearchAction","target":{"@type":"EntryPoint","urlTemplate":"https:\/\/www.akademianikona.pl\/blog\/?s={search_term_string}"},"query-input":"required name=search_term_string"}],"inLanguage":"pl-PL"},{"@type":"ImageObject","@id":"https:\/\/www.akademianikona.pl\/blog\/tomasz-kolek-slowo-o-islandii\/#primaryimage","inLanguage":"pl-PL","url":"http:\/\/www.akademianikona.pl\/blog\/wp-content\/uploads\/2016\/07\/DSC_6068_01.jpg","contentUrl":"http:\/\/www.akademianikona.pl\/blog\/wp-content\/uploads\/2016\/07\/DSC_6068_01.jpg"},{"@type":"WebPage","@id":"https:\/\/www.akademianikona.pl\/blog\/tomasz-kolek-slowo-o-islandii\/#webpage","url":"https:\/\/www.akademianikona.pl\/blog\/tomasz-kolek-slowo-o-islandii\/","name":"Tomasz Ko\u0142ek - s\u0142owo o Islandii - Akademia Nikona","isPartOf":{"@id":"https:\/\/www.akademianikona.pl\/blog\/#website"},"primaryImageOfPage":{"@id":"https:\/\/www.akademianikona.pl\/blog\/tomasz-kolek-slowo-o-islandii\/#primaryimage"},"datePublished":"2016-07-15T11:30:55+00:00","dateModified":"2017-03-20T13:21:23+00:00","author":{"@id":"https:\/\/www.akademianikona.pl\/blog\/#\/schema\/person\/968baa10d5cdd62ca4bfdf2f3b0a27fb"},"breadcrumb":{"@id":"https:\/\/www.akademianikona.pl\/blog\/tomasz-kolek-slowo-o-islandii\/#breadcrumb"},"inLanguage":"pl-PL","potentialAction":[{"@type":"ReadAction","target":["https:\/\/www.akademianikona.pl\/blog\/tomasz-kolek-slowo-o-islandii\/"]}]},{"@type":"BreadcrumbList","@id":"https:\/\/www.akademianikona.pl\/blog\/tomasz-kolek-slowo-o-islandii\/#breadcrumb","itemListElement":[{"@type":"ListItem","position":1,"name":"Strona g\u0142\u00f3wna","item":"https:\/\/www.akademianikona.pl\/blog\/"},{"@type":"ListItem","position":2,"name":"Tomasz Ko\u0142ek &#8211; s\u0142owo o Islandii"}]},{"@type":"Person","@id":"https:\/\/www.akademianikona.pl\/blog\/#\/schema\/person\/968baa10d5cdd62ca4bfdf2f3b0a27fb","name":"Micha\u0142 Leja","image":{"@type":"ImageObject","@id":"https:\/\/www.akademianikona.pl\/blog\/#personlogo","inLanguage":"pl-PL","url":"https:\/\/secure.gravatar.com\/avatar\/27c184c1aa71608233b4fca962ceb899?s=96&d=mm&r=g","contentUrl":"https:\/\/secure.gravatar.com\/avatar\/27c184c1aa71608233b4fca962ceb899?s=96&d=mm&r=g","caption":"Micha\u0142 Leja"},"url":"https:\/\/www.akademianikona.pl\/blog\/author\/mleja\/"}]}},"_links":{"self":[{"href":"https:\/\/www.akademianikona.pl\/blog\/wp-json\/wp\/v2\/posts\/19954"}],"collection":[{"href":"https:\/\/www.akademianikona.pl\/blog\/wp-json\/wp\/v2\/posts"}],"about":[{"href":"https:\/\/www.akademianikona.pl\/blog\/wp-json\/wp\/v2\/types\/post"}],"author":[{"embeddable":true,"href":"https:\/\/www.akademianikona.pl\/blog\/wp-json\/wp\/v2\/users\/5"}],"replies":[{"embeddable":true,"href":"https:\/\/www.akademianikona.pl\/blog\/wp-json\/wp\/v2\/comments?post=19954"}],"version-history":[{"count":2,"href":"https:\/\/www.akademianikona.pl\/blog\/wp-json\/wp\/v2\/posts\/19954\/revisions"}],"predecessor-version":[{"id":20051,"href":"https:\/\/www.akademianikona.pl\/blog\/wp-json\/wp\/v2\/posts\/19954\/revisions\/20051"}],"wp:attachment":[{"href":"https:\/\/www.akademianikona.pl\/blog\/wp-json\/wp\/v2\/media?parent=19954"}],"wp:term":[{"taxonomy":"category","embeddable":true,"href":"https:\/\/www.akademianikona.pl\/blog\/wp-json\/wp\/v2\/categories?post=19954"},{"taxonomy":"post_tag","embeddable":true,"href":"https:\/\/www.akademianikona.pl\/blog\/wp-json\/wp\/v2\/tags?post=19954"}],"curies":[{"name":"wp","href":"https:\/\/api.w.org\/{rel}","templated":true}]}}