{"id":26560,"date":"2025-11-19T19:48:37","date_gmt":"2025-11-19T18:48:37","guid":{"rendered":"https:\/\/www.akademianikona.pl\/blog\/?p=26560"},"modified":"2025-11-19T19:48:40","modified_gmt":"2025-11-19T18:48:40","slug":"obrobka-i-archiwizacja-zdjec-dlugie-wieczory-z-porzadkami-cyfrowymi","status":"publish","type":"post","link":"https:\/\/www.akademianikona.pl\/blog\/obrobka-i-archiwizacja-zdjec-dlugie-wieczory-z-porzadkami-cyfrowymi\/","title":{"rendered":"Obr\u00f3bka i archiwizacja zdj\u0119\u0107: d\u0142ugie wieczory z porz\u0105dkami cyfrowymi"},"content":{"rendered":"\n<figure class=\"wp-block-gallery columns-1 is-cropped\"><ul class=\"blocks-gallery-grid\"><li class=\"blocks-gallery-item\"><figure><img loading=\"lazy\" width=\"1024\" height=\"683\" src=\"https:\/\/www.akademianikona.pl\/blog\/wp-content\/uploads\/2025\/11\/computer-767781_1920-1024x683.jpg\" alt=\"computer 767781 1920\" data-id=\"26561\" data-full-url=\"https:\/\/www.akademianikona.pl\/blog\/wp-content\/uploads\/2025\/11\/computer-767781_1920.jpg\" data-link=\"https:\/\/www.akademianikona.pl\/blog\/?attachment_id=26561\" class=\"wp-image-26561\" srcset=\"https:\/\/www.akademianikona.pl\/blog\/wp-content\/uploads\/2025\/11\/computer-767781_1920-1024x683.jpg 1024w, https:\/\/www.akademianikona.pl\/blog\/wp-content\/uploads\/2025\/11\/computer-767781_1920-300x200.jpg 300w, https:\/\/www.akademianikona.pl\/blog\/wp-content\/uploads\/2025\/11\/computer-767781_1920-768x512.jpg 768w, https:\/\/www.akademianikona.pl\/blog\/wp-content\/uploads\/2025\/11\/computer-767781_1920-1536x1024.jpg 1536w, https:\/\/www.akademianikona.pl\/blog\/wp-content\/uploads\/2025\/11\/computer-767781_1920-450x300.jpg 450w, https:\/\/www.akademianikona.pl\/blog\/wp-content\/uploads\/2025\/11\/computer-767781_1920.jpg 1920w\" sizes=\"(max-width: 1024px) 100vw, 1024px\" \/><\/figure><\/li><\/ul><figcaption class=\"blocks-gallery-caption\">fot. Lalmch<\/figcaption><\/figure>\n\n\n\n<p>Fotografia nie ko\u0144czy si\u0119 w momencie naciskania spustu migawki \u2014 naprawd\u0119 zaczyna si\u0119 wtedy, gdy stajemy przed setkami plik\u00f3w z aparat\u00f3w. D\u0142ugie wieczory to doskona\u0142y moment, by przej\u015b\u0107 od nagromadzonego materia\u0142u do uporz\u0105dkowanego archiwum. <\/p>\n\n\n\n<!--more-->\n\n\n\n<p>W pierwszej kolejno\u015bci warto zaj\u0105\u0107 si\u0119 katalogowaniem (\u201egdzie te zdj\u0119cia?\u201d, \u201ejak je nazwa\u0107?\u201d, \u201ejak je znale\u017a\u0107 p\u00f3\u017aniej?\u201d). Zadbanie o struktur\u0119 folder\u00f3w, logiczny system nazw i metadanych (EXIF, IPTC) sprawi, \u017ce zdj\u0119cia zyskaj\u0105 porz\u0105dek i b\u0119d\u0105 \u0142atwiejsze do przegl\u0105dania. Kolejnym etapem jest archiwizacja \u2014 czyli odpowiedzialne przechowywanie plik\u00f3w na no\u015bnikach zewn\u0119trznych, w chmurze lub w systemach RAID, by chroni\u0107 je przed utrat\u0105. Nast\u0119pnie warto skorzysta\u0107 z dedykowanych narz\u0119dzi takich jak Adobe Lightroom lub inne programy do przegl\u0105dania i edycji zdj\u0119\u0107 \u2014 umo\u017cliwiaj\u0105 one przegl\u0105d zbior\u00f3w, wyb\u00f3r najlepszych uj\u0119\u0107, ocenianie i opisywanie zdj\u0119\u0107, co znacznie u\u0142atwia p\u00f3\u017aniejsz\u0105 selekcj\u0119. Podczas obr\u00f3bki nie chodzi tylko o retusz, ale tak\u017ce o przygotowanie zdj\u0119\u0107 do przegl\u0105dania, publikacji czy druku \u2014 dob\u00f3r w\u0142a\u015bciwej wersji, kadrowanie, eksport, oznaczanie autorstwa.<\/p>\n\n\n\n<figure class=\"wp-block-gallery columns-1 is-cropped\"><ul class=\"blocks-gallery-grid\"><li class=\"blocks-gallery-item\"><figure><img loading=\"lazy\" width=\"1024\" height=\"682\" src=\"https:\/\/www.akademianikona.pl\/blog\/wp-content\/uploads\/2025\/11\/ml_074351-8-1024x682.jpeg\" alt=\"ml 074351 8\" data-id=\"26562\" data-full-url=\"https:\/\/www.akademianikona.pl\/blog\/wp-content\/uploads\/2025\/11\/ml_074351-8.jpeg\" data-link=\"https:\/\/www.akademianikona.pl\/blog\/?attachment_id=26562\" class=\"wp-image-26562\" srcset=\"https:\/\/www.akademianikona.pl\/blog\/wp-content\/uploads\/2025\/11\/ml_074351-8-1024x682.jpeg 1024w, https:\/\/www.akademianikona.pl\/blog\/wp-content\/uploads\/2025\/11\/ml_074351-8-300x200.jpeg 300w, https:\/\/www.akademianikona.pl\/blog\/wp-content\/uploads\/2025\/11\/ml_074351-8-768x511.jpeg 768w, https:\/\/www.akademianikona.pl\/blog\/wp-content\/uploads\/2025\/11\/ml_074351-8-1536x1022.jpeg 1536w, https:\/\/www.akademianikona.pl\/blog\/wp-content\/uploads\/2025\/11\/ml_074351-8-451x300.jpeg 451w, https:\/\/www.akademianikona.pl\/blog\/wp-content\/uploads\/2025\/11\/ml_074351-8.jpeg 2048w\" sizes=\"(max-width: 1024px) 100vw, 1024px\" \/><\/figure><\/li><\/ul><figcaption class=\"blocks-gallery-caption\">fot. Micha\u0142\u00a0Leja<\/figcaption><\/figure>\n\n\n\n<p>Dzi\u0119ki \u015bwiadomej pracy z archiwum nie tylko ratujecie swoje zdj\u0119cia przed chaosem, ale otwieracie drog\u0119 do wykorzystania ich w przysz\u0142o\u015bci \u2013 jak pokazanie portfolio klientowi, publikacja online czy wydruk. Warto wi\u0119c po\u015bwi\u0119ci\u0107 cho\u0107by jeden wiecz\u00f3r na systematyczne dzia\u0142ania \u2014 zyska na tym ka\u017cda fotografia, kt\u00f3r\u0105 stworzyli\u015bcie. Po wi\u0119cej informacji o katalogowaniu i archiwizacji zdj\u0119\u0107 zajrzyjcie na <a href=\"https:\/\/www.szerokikadr.pl\/wyszukiwarka?q=katalogowanie\" target=\"_blank\" rel=\"noreferrer noopener nofollow\">Szeroki Kadr<\/a>.\u00a0A je\u015bli chcecie opanowa\u0107 obr\u00f3bk\u0119 i zarz\u0105dzanie zdj\u0119ciami w praktyce \u2013 sprawd\u017acie: <a href=\"https:\/\/www.akademianikona.pl\/kursy-fotograficzne-online\/209\/webinar-tajemnice-raw-wywolywanie-i-katalogowanie-w-lightroom\/\">Webinar \u201eTajemnice RAW \u2013 wywo\u0142ywanie i katalogowanie w Lightroom\u201d<\/a>.<\/p>\n","protected":false},"excerpt":{"rendered":"<p>Fotografia nie ko\u0144czy si\u0119 w momencie naciskania spustu migawki \u2014 naprawd\u0119 zaczyna si\u0119 wtedy, gdy stajemy przed setkami plik\u00f3w z aparat\u00f3w. D\u0142ugie wieczory to doskona\u0142y moment, by przej\u015b\u0107 od nagromadzonego materia\u0142u do uporz\u0105dkowanego archiwum. <a class=\"o-btn-more o-btn-more--blog\" href=\"https:\/\/www.akademianikona.pl\/blog\/obrobka-i-archiwizacja-zdjec-dlugie-wieczory-z-porzadkami-cyfrowymi\/\"> <span class=\"o-btn-more__text t-event-accent-color--ha-only\">Czytaj wi\u0119cej<\/span> <span class=\"o-btn-more__icon \"> <!--?xml version=\"1.0\" encoding=\"UTF-8\" standalone=\"no\"?--><svg width=\"48\" height=\"24\" viewBox=\"0 0 48 24\" xmlns=\"http:\/\/www.w3.org\/2000\/svg\"><path d=\"M36.586 18.586L41.172 14H2a2 2 0 0 1 0-4h39.172l-4.586-4.586a2 2 0 1 1 2.828-2.828l8 8c.391.39.586.902.586 1.414 0 .512-.195 1.023-.586 1.414l-8 8a2 2 0 1 1-2.828-2.828z\" class=\"show-more-right t-event-accent-color\" fill=\"none\" fill-rule=\"evenodd\"><\/path><\/svg> <\/span><\/a><\/p>\n","protected":false},"author":3,"featured_media":0,"comment_status":"open","ping_status":"open","sticky":false,"template":"","format":"standard","meta":[],"categories":[2],"tags":[],"yoast_head":"<!-- This site is optimized with the Yoast SEO plugin v18.0 - https:\/\/yoast.com\/wordpress\/plugins\/seo\/ -->\n<title>Obr\u00f3bka i archiwizacja zdj\u0119\u0107: d\u0142ugie wieczory z porz\u0105dkami cyfrowymi - Akademia Nikona<\/title>\n<meta name=\"robots\" content=\"index, follow, max-snippet:-1, max-image-preview:large, max-video-preview:-1\" \/>\n<link rel=\"canonical\" href=\"https:\/\/www.akademianikona.pl\/blog\/obrobka-i-archiwizacja-zdjec-dlugie-wieczory-z-porzadkami-cyfrowymi\/\" \/>\n<meta property=\"og:locale\" content=\"pl_PL\" \/>\n<meta property=\"og:type\" content=\"article\" \/>\n<meta property=\"og:title\" content=\"Obr\u00f3bka i archiwizacja zdj\u0119\u0107: d\u0142ugie wieczory z porz\u0105dkami cyfrowymi - Akademia Nikona\" \/>\n<meta property=\"og:description\" content=\"Fotografia nie ko\u0144czy si\u0119 w momencie naciskania spustu migawki \u2014 naprawd\u0119 zaczyna si\u0119 wtedy, gdy stajemy przed setkami plik\u00f3w z aparat\u00f3w. D\u0142ugie wieczory to doskona\u0142y moment, by przej\u015b\u0107 od nagromadzonego materia\u0142u do uporz\u0105dkowanego archiwum. Czytaj wi\u0119cej\" \/>\n<meta property=\"og:url\" content=\"https:\/\/www.akademianikona.pl\/blog\/obrobka-i-archiwizacja-zdjec-dlugie-wieczory-z-porzadkami-cyfrowymi\/\" \/>\n<meta property=\"og:site_name\" content=\"Akademia Nikona\" \/>\n<meta property=\"article:author\" content=\"https:\/\/www.facebook.com\/akademianikona\" \/>\n<meta property=\"article:published_time\" content=\"2025-11-19T18:48:37+00:00\" \/>\n<meta property=\"article:modified_time\" content=\"2025-11-19T18:48:40+00:00\" \/>\n<meta property=\"og:image\" content=\"https:\/\/www.akademianikona.pl\/blog\/wp-content\/uploads\/2025\/11\/computer-767781_1920-1024x683.jpg\" \/>\n<meta name=\"twitter:card\" content=\"summary_large_image\" \/>\n<meta name=\"twitter:creator\" content=\"@nikonpolska\" \/>\n<meta name=\"twitter:label1\" content=\"Napisane przez\" \/>\n\t<meta name=\"twitter:data1\" content=\"S\u0142awomir Kiryluk\" \/>\n\t<meta name=\"twitter:label2\" content=\"Szacowany czas czytania\" \/>\n\t<meta name=\"twitter:data2\" content=\"2 minuty\" \/>\n<script type=\"application\/ld+json\" class=\"yoast-schema-graph\">{\"@context\":\"https:\/\/schema.org\",\"@graph\":[{\"@type\":\"WebSite\",\"@id\":\"https:\/\/www.akademianikona.pl\/blog\/#website\",\"url\":\"https:\/\/www.akademianikona.pl\/blog\/\",\"name\":\"Akademia Nikona\",\"description\":\"Blog fotograficzny Nikona - fotografia artystyczna\",\"potentialAction\":[{\"@type\":\"SearchAction\",\"target\":{\"@type\":\"EntryPoint\",\"urlTemplate\":\"https:\/\/www.akademianikona.pl\/blog\/?s={search_term_string}\"},\"query-input\":\"required name=search_term_string\"}],\"inLanguage\":\"pl-PL\"},{\"@type\":\"ImageObject\",\"@id\":\"https:\/\/www.akademianikona.pl\/blog\/obrobka-i-archiwizacja-zdjec-dlugie-wieczory-z-porzadkami-cyfrowymi\/#primaryimage\",\"inLanguage\":\"pl-PL\",\"url\":\"https:\/\/www.akademianikona.pl\/blog\/wp-content\/uploads\/2025\/11\/computer-767781_1920.jpg\",\"contentUrl\":\"https:\/\/www.akademianikona.pl\/blog\/wp-content\/uploads\/2025\/11\/computer-767781_1920.jpg\",\"width\":1920,\"height\":1280,\"caption\":\"computer 767781 1920\"},{\"@type\":\"WebPage\",\"@id\":\"https:\/\/www.akademianikona.pl\/blog\/obrobka-i-archiwizacja-zdjec-dlugie-wieczory-z-porzadkami-cyfrowymi\/#webpage\",\"url\":\"https:\/\/www.akademianikona.pl\/blog\/obrobka-i-archiwizacja-zdjec-dlugie-wieczory-z-porzadkami-cyfrowymi\/\",\"name\":\"Obr\u00f3bka i archiwizacja zdj\u0119\u0107: d\u0142ugie wieczory z porz\u0105dkami cyfrowymi - Akademia Nikona\",\"isPartOf\":{\"@id\":\"https:\/\/www.akademianikona.pl\/blog\/#website\"},\"primaryImageOfPage\":{\"@id\":\"https:\/\/www.akademianikona.pl\/blog\/obrobka-i-archiwizacja-zdjec-dlugie-wieczory-z-porzadkami-cyfrowymi\/#primaryimage\"},\"datePublished\":\"2025-11-19T18:48:37+00:00\",\"dateModified\":\"2025-11-19T18:48:40+00:00\",\"author\":{\"@id\":\"https:\/\/www.akademianikona.pl\/blog\/#\/schema\/person\/d5d760b4a1431e85e2e7d4a217460acf\"},\"breadcrumb\":{\"@id\":\"https:\/\/www.akademianikona.pl\/blog\/obrobka-i-archiwizacja-zdjec-dlugie-wieczory-z-porzadkami-cyfrowymi\/#breadcrumb\"},\"inLanguage\":\"pl-PL\",\"potentialAction\":[{\"@type\":\"ReadAction\",\"target\":[\"https:\/\/www.akademianikona.pl\/blog\/obrobka-i-archiwizacja-zdjec-dlugie-wieczory-z-porzadkami-cyfrowymi\/\"]}]},{\"@type\":\"BreadcrumbList\",\"@id\":\"https:\/\/www.akademianikona.pl\/blog\/obrobka-i-archiwizacja-zdjec-dlugie-wieczory-z-porzadkami-cyfrowymi\/#breadcrumb\",\"itemListElement\":[{\"@type\":\"ListItem\",\"position\":1,\"name\":\"Strona g\u0142\u00f3wna\",\"item\":\"https:\/\/www.akademianikona.pl\/blog\/\"},{\"@type\":\"ListItem\",\"position\":2,\"name\":\"Obr\u00f3bka i archiwizacja zdj\u0119\u0107: d\u0142ugie wieczory z porz\u0105dkami cyfrowymi\"}]},{\"@type\":\"Person\",\"@id\":\"https:\/\/www.akademianikona.pl\/blog\/#\/schema\/person\/d5d760b4a1431e85e2e7d4a217460acf\",\"name\":\"S\u0142awomir Kiryluk\",\"image\":{\"@type\":\"ImageObject\",\"@id\":\"https:\/\/www.akademianikona.pl\/blog\/#personlogo\",\"inLanguage\":\"pl-PL\",\"url\":\"https:\/\/www.akademianikona.pl\/blog\/wp-content\/uploads\/2025\/09\/slawomir-kiryluk_avatar-96x96.jpg\",\"contentUrl\":\"https:\/\/www.akademianikona.pl\/blog\/wp-content\/uploads\/2025\/09\/slawomir-kiryluk_avatar-96x96.jpg\",\"caption\":\"S\u0142awomir Kiryluk\"},\"description\":\"S\u0142awomir Kiryluk pasjonat fotografii, kt\u00f3ry w swoich tekstach \u0142\u0105czy techniczne zrozumienie z czu\u0142ym spojrzeniem na \u015bwiat obrazu. Inspiruj\u0105c si\u0119 warsztatami Akademii Nikona, opowiada o pi\u0119knie \u015bwiat\u0142a, emocjach skrywanych w krajobrazach i z pozoru zwyk\u0142ych detalach. Jego wpisy zach\u0119caj\u0105 do zatrzymania si\u0119, odkrycia magii codzienno\u015bci i \u015bwiadomego fotografowania \u2013 tak, aby ka\u017cde zdj\u0119cie mia\u0142o histori\u0119, kt\u00f3ra porusza.\",\"sameAs\":[\"https:\/\/www.facebook.com\/akademianikona\",\"https:\/\/twitter.com\/nikonpolska\",\"https:\/\/www.youtube.com\/channel\/UCNVN0zdvdXaf4t9lulr4Aqg\"],\"url\":\"https:\/\/www.akademianikona.pl\/blog\/author\/kiryluk\/\"}]}<\/script>\n<!-- \/ Yoast SEO plugin. -->","yoast_head_json":{"title":"Obr\u00f3bka i archiwizacja zdj\u0119\u0107: d\u0142ugie wieczory z porz\u0105dkami cyfrowymi - Akademia Nikona","robots":{"index":"index","follow":"follow","max-snippet":"max-snippet:-1","max-image-preview":"max-image-preview:large","max-video-preview":"max-video-preview:-1"},"canonical":"https:\/\/www.akademianikona.pl\/blog\/obrobka-i-archiwizacja-zdjec-dlugie-wieczory-z-porzadkami-cyfrowymi\/","og_locale":"pl_PL","og_type":"article","og_title":"Obr\u00f3bka i archiwizacja zdj\u0119\u0107: d\u0142ugie wieczory z porz\u0105dkami cyfrowymi - Akademia Nikona","og_description":"Fotografia nie ko\u0144czy si\u0119 w momencie naciskania spustu migawki \u2014 naprawd\u0119 zaczyna si\u0119 wtedy, gdy stajemy przed setkami plik\u00f3w z aparat\u00f3w. D\u0142ugie wieczory to doskona\u0142y moment, by przej\u015b\u0107 od nagromadzonego materia\u0142u do uporz\u0105dkowanego archiwum. Czytaj wi\u0119cej","og_url":"https:\/\/www.akademianikona.pl\/blog\/obrobka-i-archiwizacja-zdjec-dlugie-wieczory-z-porzadkami-cyfrowymi\/","og_site_name":"Akademia Nikona","article_author":"https:\/\/www.facebook.com\/akademianikona","article_published_time":"2025-11-19T18:48:37+00:00","article_modified_time":"2025-11-19T18:48:40+00:00","og_image":[{"url":"https:\/\/www.akademianikona.pl\/blog\/wp-content\/uploads\/2025\/11\/computer-767781_1920-1024x683.jpg"}],"twitter_card":"summary_large_image","twitter_creator":"@nikonpolska","twitter_misc":{"Napisane przez":"S\u0142awomir Kiryluk","Szacowany czas czytania":"2 minuty"},"schema":{"@context":"https:\/\/schema.org","@graph":[{"@type":"WebSite","@id":"https:\/\/www.akademianikona.pl\/blog\/#website","url":"https:\/\/www.akademianikona.pl\/blog\/","name":"Akademia Nikona","description":"Blog fotograficzny Nikona - fotografia artystyczna","potentialAction":[{"@type":"SearchAction","target":{"@type":"EntryPoint","urlTemplate":"https:\/\/www.akademianikona.pl\/blog\/?s={search_term_string}"},"query-input":"required name=search_term_string"}],"inLanguage":"pl-PL"},{"@type":"ImageObject","@id":"https:\/\/www.akademianikona.pl\/blog\/obrobka-i-archiwizacja-zdjec-dlugie-wieczory-z-porzadkami-cyfrowymi\/#primaryimage","inLanguage":"pl-PL","url":"https:\/\/www.akademianikona.pl\/blog\/wp-content\/uploads\/2025\/11\/computer-767781_1920.jpg","contentUrl":"https:\/\/www.akademianikona.pl\/blog\/wp-content\/uploads\/2025\/11\/computer-767781_1920.jpg","width":1920,"height":1280,"caption":"computer 767781 1920"},{"@type":"WebPage","@id":"https:\/\/www.akademianikona.pl\/blog\/obrobka-i-archiwizacja-zdjec-dlugie-wieczory-z-porzadkami-cyfrowymi\/#webpage","url":"https:\/\/www.akademianikona.pl\/blog\/obrobka-i-archiwizacja-zdjec-dlugie-wieczory-z-porzadkami-cyfrowymi\/","name":"Obr\u00f3bka i archiwizacja zdj\u0119\u0107: d\u0142ugie wieczory z porz\u0105dkami cyfrowymi - Akademia Nikona","isPartOf":{"@id":"https:\/\/www.akademianikona.pl\/blog\/#website"},"primaryImageOfPage":{"@id":"https:\/\/www.akademianikona.pl\/blog\/obrobka-i-archiwizacja-zdjec-dlugie-wieczory-z-porzadkami-cyfrowymi\/#primaryimage"},"datePublished":"2025-11-19T18:48:37+00:00","dateModified":"2025-11-19T18:48:40+00:00","author":{"@id":"https:\/\/www.akademianikona.pl\/blog\/#\/schema\/person\/d5d760b4a1431e85e2e7d4a217460acf"},"breadcrumb":{"@id":"https:\/\/www.akademianikona.pl\/blog\/obrobka-i-archiwizacja-zdjec-dlugie-wieczory-z-porzadkami-cyfrowymi\/#breadcrumb"},"inLanguage":"pl-PL","potentialAction":[{"@type":"ReadAction","target":["https:\/\/www.akademianikona.pl\/blog\/obrobka-i-archiwizacja-zdjec-dlugie-wieczory-z-porzadkami-cyfrowymi\/"]}]},{"@type":"BreadcrumbList","@id":"https:\/\/www.akademianikona.pl\/blog\/obrobka-i-archiwizacja-zdjec-dlugie-wieczory-z-porzadkami-cyfrowymi\/#breadcrumb","itemListElement":[{"@type":"ListItem","position":1,"name":"Strona g\u0142\u00f3wna","item":"https:\/\/www.akademianikona.pl\/blog\/"},{"@type":"ListItem","position":2,"name":"Obr\u00f3bka i archiwizacja zdj\u0119\u0107: d\u0142ugie wieczory z porz\u0105dkami cyfrowymi"}]},{"@type":"Person","@id":"https:\/\/www.akademianikona.pl\/blog\/#\/schema\/person\/d5d760b4a1431e85e2e7d4a217460acf","name":"S\u0142awomir Kiryluk","image":{"@type":"ImageObject","@id":"https:\/\/www.akademianikona.pl\/blog\/#personlogo","inLanguage":"pl-PL","url":"https:\/\/www.akademianikona.pl\/blog\/wp-content\/uploads\/2025\/09\/slawomir-kiryluk_avatar-96x96.jpg","contentUrl":"https:\/\/www.akademianikona.pl\/blog\/wp-content\/uploads\/2025\/09\/slawomir-kiryluk_avatar-96x96.jpg","caption":"S\u0142awomir Kiryluk"},"description":"S\u0142awomir Kiryluk pasjonat fotografii, kt\u00f3ry w swoich tekstach \u0142\u0105czy techniczne zrozumienie z czu\u0142ym spojrzeniem na \u015bwiat obrazu. Inspiruj\u0105c si\u0119 warsztatami Akademii Nikona, opowiada o pi\u0119knie \u015bwiat\u0142a, emocjach skrywanych w krajobrazach i z pozoru zwyk\u0142ych detalach. Jego wpisy zach\u0119caj\u0105 do zatrzymania si\u0119, odkrycia magii codzienno\u015bci i \u015bwiadomego fotografowania \u2013 tak, aby ka\u017cde zdj\u0119cie mia\u0142o histori\u0119, kt\u00f3ra porusza.","sameAs":["https:\/\/www.facebook.com\/akademianikona","https:\/\/twitter.com\/nikonpolska","https:\/\/www.youtube.com\/channel\/UCNVN0zdvdXaf4t9lulr4Aqg"],"url":"https:\/\/www.akademianikona.pl\/blog\/author\/kiryluk\/"}]}},"_links":{"self":[{"href":"https:\/\/www.akademianikona.pl\/blog\/wp-json\/wp\/v2\/posts\/26560"}],"collection":[{"href":"https:\/\/www.akademianikona.pl\/blog\/wp-json\/wp\/v2\/posts"}],"about":[{"href":"https:\/\/www.akademianikona.pl\/blog\/wp-json\/wp\/v2\/types\/post"}],"author":[{"embeddable":true,"href":"https:\/\/www.akademianikona.pl\/blog\/wp-json\/wp\/v2\/users\/3"}],"replies":[{"embeddable":true,"href":"https:\/\/www.akademianikona.pl\/blog\/wp-json\/wp\/v2\/comments?post=26560"}],"version-history":[{"count":1,"href":"https:\/\/www.akademianikona.pl\/blog\/wp-json\/wp\/v2\/posts\/26560\/revisions"}],"predecessor-version":[{"id":26563,"href":"https:\/\/www.akademianikona.pl\/blog\/wp-json\/wp\/v2\/posts\/26560\/revisions\/26563"}],"wp:attachment":[{"href":"https:\/\/www.akademianikona.pl\/blog\/wp-json\/wp\/v2\/media?parent=26560"}],"wp:term":[{"taxonomy":"category","embeddable":true,"href":"https:\/\/www.akademianikona.pl\/blog\/wp-json\/wp\/v2\/categories?post=26560"},{"taxonomy":"post_tag","embeddable":true,"href":"https:\/\/www.akademianikona.pl\/blog\/wp-json\/wp\/v2\/tags?post=26560"}],"curies":[{"name":"wp","href":"https:\/\/api.w.org\/{rel}","templated":true}]}}