{"id":26574,"date":"2025-12-01T12:27:16","date_gmt":"2025-12-01T11:27:16","guid":{"rendered":"https:\/\/www.akademianikona.pl\/blog\/?p=26574"},"modified":"2025-12-04T20:04:24","modified_gmt":"2025-12-04T19:04:24","slug":"pierwsze-kroki-w-fotografii-produktowej","status":"publish","type":"post","link":"https:\/\/www.akademianikona.pl\/blog\/pierwsze-kroki-w-fotografii-produktowej\/","title":{"rendered":"Pierwsze kroki w fotografii produktowej"},"content":{"rendered":"\n<figure class=\"wp-block-gallery columns-1 is-cropped\"><ul class=\"blocks-gallery-grid\"><li class=\"blocks-gallery-item\"><figure><img loading=\"lazy\" width=\"935\" height=\"680\" src=\"https:\/\/www.akademianikona.pl\/blog\/wp-content\/uploads\/2025\/11\/172_6f24afba.jpg\" alt=\"172 6f24afba\" data-id=\"26575\" data-full-url=\"https:\/\/www.akademianikona.pl\/blog\/wp-content\/uploads\/2025\/11\/172_6f24afba.jpg\" data-link=\"https:\/\/www.akademianikona.pl\/blog\/?attachment_id=26575\" class=\"wp-image-26575\" srcset=\"https:\/\/www.akademianikona.pl\/blog\/wp-content\/uploads\/2025\/11\/172_6f24afba.jpg 935w, https:\/\/www.akademianikona.pl\/blog\/wp-content\/uploads\/2025\/11\/172_6f24afba-300x218.jpg 300w, https:\/\/www.akademianikona.pl\/blog\/wp-content\/uploads\/2025\/11\/172_6f24afba-768x559.jpg 768w, https:\/\/www.akademianikona.pl\/blog\/wp-content\/uploads\/2025\/11\/172_6f24afba-413x300.jpg 413w\" sizes=\"(max-width: 935px) 100vw, 935px\" \/><figcaption class=\"blocks-gallery-item__caption\">fot. Tomasz Kulas<\/figcaption><\/figure><\/li><\/ul><\/figure>\n\n\n\n<p>Jesienne wieczory to \u015bwietny moment, by praktycznie po\u0107wiczy\u0107 fotografowanie w domowych warunkach. Zamiast odk\u0142ada\u0107 aparat na p\u00f3\u0142k\u0119, warto przygotowa\u0107 mini-studio i nauczy\u0107 si\u0119 robi\u0107 dobre zdj\u0119cia przedmiot\u00f3w \u2014 od bi\u017cuterii po ksi\u0105\u017cki i sprz\u0119ty codziennego u\u017cytku. <\/p>\n\n\n\n<!--more-->\n\n\n\n<p>To doskona\u0142a okazja, by rozwin\u0105\u0107 warsztat i zrobi\u0107 co\u015b po\u017cytecznego, np. przygotowa\u0107 zdj\u0119cia produkt\u00f3w na aukcje charytatywne czy sprzeda\u017c rzeczy, kt\u00f3re mog\u0105 jeszcze komu\u015b pos\u0142u\u017cy\u0107. Poradniki <a href=\"https:\/\/www.szerokikadr.pl\/poradnik\/domowe-studio-bez-nakladow-finansowych-czesc1-wyposazenie\" target=\"_blank\" rel=\"noreferrer noopener nofollow\">Domowe studio bez nak\u0142ad\u00f3w finansowych<\/a> na Szerokim Kadrze pokazuj\u0105, \u017ce do stworzenia studia wcale nie potrzeba profesjonalnego sprz\u0119tu. Wystarczy st\u00f3\u0142, czyste t\u0142o z kartonu lub tkaniny i kilka \u017ar\u00f3de\u0142 \u015bwiat\u0142a \u2014 najlepiej naturalnego lub z prostych lamp LED. Nawet domowa lampka biurkowa z kartk\u0105 papieru mo\u017ce sta\u0107 si\u0119 \u015bwietnym softboxem. W <a href=\"https:\/\/www.szerokikadr.pl\/poradnik\/domowe-studio-bez-nakladow-finansowych-czesc-2-w-praktyce\" target=\"_blank\" rel=\"noreferrer noopener nofollow\">drugiej cz\u0119\u015bci poradnika<\/a> znajdziecie wskaz\u00f3wki, jak wykorzysta\u0107 \u015bwiat\u0142o i t\u0142o, by wydoby\u0107 kszta\u0142t i faktur\u0119 produktu.<\/p>\n\n\n\n<figure class=\"wp-block-gallery columns-2 is-cropped\"><ul class=\"blocks-gallery-grid\"><li class=\"blocks-gallery-item\"><figure><img loading=\"lazy\" width=\"445\" height=\"461\" src=\"https:\/\/www.akademianikona.pl\/blog\/wp-content\/uploads\/2025\/12\/176_3a.jpg\" alt=\"176 3a\" data-id=\"26578\" data-full-url=\"https:\/\/www.akademianikona.pl\/blog\/wp-content\/uploads\/2025\/12\/176_3a.jpg\" data-link=\"https:\/\/www.akademianikona.pl\/blog\/?attachment_id=26578\" class=\"wp-image-26578\" srcset=\"https:\/\/www.akademianikona.pl\/blog\/wp-content\/uploads\/2025\/12\/176_3a.jpg 445w, https:\/\/www.akademianikona.pl\/blog\/wp-content\/uploads\/2025\/12\/176_3a-290x300.jpg 290w\" sizes=\"(max-width: 445px) 100vw, 445px\" \/><figcaption class=\"blocks-gallery-item__caption\">fot. Tomasz Kulas<\/figcaption><\/figure><\/li><li class=\"blocks-gallery-item\"><figure><img loading=\"lazy\" width=\"445\" height=\"461\" src=\"https:\/\/www.akademianikona.pl\/blog\/wp-content\/uploads\/2025\/12\/176_3b.jpg\" alt=\"176 3b\" data-id=\"26577\" data-full-url=\"https:\/\/www.akademianikona.pl\/blog\/wp-content\/uploads\/2025\/12\/176_3b.jpg\" data-link=\"https:\/\/www.akademianikona.pl\/blog\/?attachment_id=26577\" class=\"wp-image-26577\" srcset=\"https:\/\/www.akademianikona.pl\/blog\/wp-content\/uploads\/2025\/12\/176_3b.jpg 445w, https:\/\/www.akademianikona.pl\/blog\/wp-content\/uploads\/2025\/12\/176_3b-290x300.jpg 290w\" sizes=\"(max-width: 445px) 100vw, 445px\" \/><\/figure><\/li><\/ul><\/figure>\n\n\n\n<p>Warto eksperymentowa\u0107 z balansem bieli, r\u00f3\u017cnymi k\u0105tami padania \u015bwiat\u0142a i przys\u0142on\u0105 \u2014 to proste, a daje ogromne efekty. \u0106wiczenia w domowym studio to doskona\u0142y trening cierpliwo\u015bci i precyzji, a przy okazji spos\u00f3b na uporz\u0105dkowanie rzeczy. Fotografuj\u0105c produkty, kt\u00f3re chcecie sprzeda\u0107 lub przekaza\u0107 na \u015bwi\u0105teczne aukcje charytatywne, uczycie si\u0119 kadrowania, pracy ze \u015bwiat\u0142em i estetycznej prezentacji przedmiot\u00f3w.<\/p>\n\n\n\n<p>Po wi\u0119cej inspiracji zajrzyjcie na Szeroki Kadr, a je\u015bli chcecie pozna\u0107 zasady profesjonalnej fotografii produktowej \u2014 sprawd\u017acie <a href=\"https:\/\/www.akademianikona.pl\/warsztaty\/145\/fotografia-produktowa-dla-ecommerce\/\">warsztaty Akademii Nikona<\/a>.<\/p>\n","protected":false},"excerpt":{"rendered":"<p>Jesienne wieczory to \u015bwietny moment, by praktycznie po\u0107wiczy\u0107 fotografowanie w domowych warunkach. Zamiast odk\u0142ada\u0107 aparat na p\u00f3\u0142k\u0119, warto przygotowa\u0107 mini-studio i nauczy\u0107 si\u0119 robi\u0107 dobre zdj\u0119cia przedmiot\u00f3w \u2014 od bi\u017cuterii po ksi\u0105\u017cki i sprz\u0119ty codziennego u\u017cytku. <a class=\"o-btn-more o-btn-more--blog\" href=\"https:\/\/www.akademianikona.pl\/blog\/pierwsze-kroki-w-fotografii-produktowej\/\"> <span class=\"o-btn-more__text t-event-accent-color--ha-only\">Czytaj wi\u0119cej<\/span> <span class=\"o-btn-more__icon \"> <!--?xml version=\"1.0\" encoding=\"UTF-8\" standalone=\"no\"?--><svg width=\"48\" height=\"24\" viewBox=\"0 0 48 24\" xmlns=\"http:\/\/www.w3.org\/2000\/svg\"><path d=\"M36.586 18.586L41.172 14H2a2 2 0 0 1 0-4h39.172l-4.586-4.586a2 2 0 1 1 2.828-2.828l8 8c.391.39.586.902.586 1.414 0 .512-.195 1.023-.586 1.414l-8 8a2 2 0 1 1-2.828-2.828z\" class=\"show-more-right t-event-accent-color\" fill=\"none\" fill-rule=\"evenodd\"><\/path><\/svg> <\/span><\/a><\/p>\n","protected":false},"author":3,"featured_media":0,"comment_status":"open","ping_status":"open","sticky":false,"template":"","format":"standard","meta":[],"categories":[2],"tags":[],"yoast_head":"<!-- This site is optimized with the Yoast SEO plugin v18.0 - https:\/\/yoast.com\/wordpress\/plugins\/seo\/ -->\n<title>Pierwsze kroki w fotografii produktowej - Akademia Nikona<\/title>\n<meta name=\"robots\" content=\"index, follow, max-snippet:-1, max-image-preview:large, max-video-preview:-1\" \/>\n<link rel=\"canonical\" href=\"https:\/\/www.akademianikona.pl\/blog\/pierwsze-kroki-w-fotografii-produktowej\/\" \/>\n<meta property=\"og:locale\" content=\"pl_PL\" \/>\n<meta property=\"og:type\" content=\"article\" \/>\n<meta property=\"og:title\" content=\"Pierwsze kroki w fotografii produktowej - Akademia Nikona\" \/>\n<meta property=\"og:description\" content=\"Jesienne wieczory to \u015bwietny moment, by praktycznie po\u0107wiczy\u0107 fotografowanie w domowych warunkach. Zamiast odk\u0142ada\u0107 aparat na p\u00f3\u0142k\u0119, warto przygotowa\u0107 mini-studio i nauczy\u0107 si\u0119 robi\u0107 dobre zdj\u0119cia przedmiot\u00f3w \u2014 od bi\u017cuterii po ksi\u0105\u017cki i sprz\u0119ty codziennego u\u017cytku. Czytaj wi\u0119cej\" \/>\n<meta property=\"og:url\" content=\"https:\/\/www.akademianikona.pl\/blog\/pierwsze-kroki-w-fotografii-produktowej\/\" \/>\n<meta property=\"og:site_name\" content=\"Akademia Nikona\" \/>\n<meta property=\"article:author\" content=\"https:\/\/www.facebook.com\/akademianikona\" \/>\n<meta property=\"article:published_time\" content=\"2025-12-01T11:27:16+00:00\" \/>\n<meta property=\"article:modified_time\" content=\"2025-12-04T19:04:24+00:00\" \/>\n<meta property=\"og:image\" content=\"https:\/\/www.akademianikona.pl\/blog\/wp-content\/uploads\/2025\/11\/172_6f24afba.jpg\" \/>\n<meta name=\"twitter:card\" content=\"summary_large_image\" \/>\n<meta name=\"twitter:creator\" content=\"@nikonpolska\" \/>\n<meta name=\"twitter:label1\" content=\"Napisane przez\" \/>\n\t<meta name=\"twitter:data1\" content=\"S\u0142awomir Kiryluk\" \/>\n\t<meta name=\"twitter:label2\" content=\"Szacowany czas czytania\" \/>\n\t<meta name=\"twitter:data2\" content=\"2 minuty\" \/>\n<script type=\"application\/ld+json\" class=\"yoast-schema-graph\">{\"@context\":\"https:\/\/schema.org\",\"@graph\":[{\"@type\":\"WebSite\",\"@id\":\"https:\/\/www.akademianikona.pl\/blog\/#website\",\"url\":\"https:\/\/www.akademianikona.pl\/blog\/\",\"name\":\"Akademia Nikona\",\"description\":\"Blog fotograficzny Nikona - fotografia artystyczna\",\"potentialAction\":[{\"@type\":\"SearchAction\",\"target\":{\"@type\":\"EntryPoint\",\"urlTemplate\":\"https:\/\/www.akademianikona.pl\/blog\/?s={search_term_string}\"},\"query-input\":\"required name=search_term_string\"}],\"inLanguage\":\"pl-PL\"},{\"@type\":\"ImageObject\",\"@id\":\"https:\/\/www.akademianikona.pl\/blog\/pierwsze-kroki-w-fotografii-produktowej\/#primaryimage\",\"inLanguage\":\"pl-PL\",\"url\":\"https:\/\/www.akademianikona.pl\/blog\/wp-content\/uploads\/2025\/11\/172_6f24afba.jpg\",\"contentUrl\":\"https:\/\/www.akademianikona.pl\/blog\/wp-content\/uploads\/2025\/11\/172_6f24afba.jpg\",\"width\":935,\"height\":680,\"caption\":\"172 6f24afba\"},{\"@type\":\"WebPage\",\"@id\":\"https:\/\/www.akademianikona.pl\/blog\/pierwsze-kroki-w-fotografii-produktowej\/#webpage\",\"url\":\"https:\/\/www.akademianikona.pl\/blog\/pierwsze-kroki-w-fotografii-produktowej\/\",\"name\":\"Pierwsze kroki w fotografii produktowej - Akademia Nikona\",\"isPartOf\":{\"@id\":\"https:\/\/www.akademianikona.pl\/blog\/#website\"},\"primaryImageOfPage\":{\"@id\":\"https:\/\/www.akademianikona.pl\/blog\/pierwsze-kroki-w-fotografii-produktowej\/#primaryimage\"},\"datePublished\":\"2025-12-01T11:27:16+00:00\",\"dateModified\":\"2025-12-04T19:04:24+00:00\",\"author\":{\"@id\":\"https:\/\/www.akademianikona.pl\/blog\/#\/schema\/person\/d5d760b4a1431e85e2e7d4a217460acf\"},\"breadcrumb\":{\"@id\":\"https:\/\/www.akademianikona.pl\/blog\/pierwsze-kroki-w-fotografii-produktowej\/#breadcrumb\"},\"inLanguage\":\"pl-PL\",\"potentialAction\":[{\"@type\":\"ReadAction\",\"target\":[\"https:\/\/www.akademianikona.pl\/blog\/pierwsze-kroki-w-fotografii-produktowej\/\"]}]},{\"@type\":\"BreadcrumbList\",\"@id\":\"https:\/\/www.akademianikona.pl\/blog\/pierwsze-kroki-w-fotografii-produktowej\/#breadcrumb\",\"itemListElement\":[{\"@type\":\"ListItem\",\"position\":1,\"name\":\"Strona g\u0142\u00f3wna\",\"item\":\"https:\/\/www.akademianikona.pl\/blog\/\"},{\"@type\":\"ListItem\",\"position\":2,\"name\":\"Pierwsze kroki w fotografii produktowej\"}]},{\"@type\":\"Person\",\"@id\":\"https:\/\/www.akademianikona.pl\/blog\/#\/schema\/person\/d5d760b4a1431e85e2e7d4a217460acf\",\"name\":\"S\u0142awomir Kiryluk\",\"image\":{\"@type\":\"ImageObject\",\"@id\":\"https:\/\/www.akademianikona.pl\/blog\/#personlogo\",\"inLanguage\":\"pl-PL\",\"url\":\"https:\/\/www.akademianikona.pl\/blog\/wp-content\/uploads\/2025\/09\/slawomir-kiryluk_avatar-96x96.jpg\",\"contentUrl\":\"https:\/\/www.akademianikona.pl\/blog\/wp-content\/uploads\/2025\/09\/slawomir-kiryluk_avatar-96x96.jpg\",\"caption\":\"S\u0142awomir Kiryluk\"},\"description\":\"S\u0142awomir Kiryluk pasjonat fotografii, kt\u00f3ry w swoich tekstach \u0142\u0105czy techniczne zrozumienie z czu\u0142ym spojrzeniem na \u015bwiat obrazu. Inspiruj\u0105c si\u0119 warsztatami Akademii Nikona, opowiada o pi\u0119knie \u015bwiat\u0142a, emocjach skrywanych w krajobrazach i z pozoru zwyk\u0142ych detalach. Jego wpisy zach\u0119caj\u0105 do zatrzymania si\u0119, odkrycia magii codzienno\u015bci i \u015bwiadomego fotografowania \u2013 tak, aby ka\u017cde zdj\u0119cie mia\u0142o histori\u0119, kt\u00f3ra porusza.\",\"sameAs\":[\"https:\/\/www.facebook.com\/akademianikona\",\"https:\/\/twitter.com\/nikonpolska\",\"https:\/\/www.youtube.com\/channel\/UCNVN0zdvdXaf4t9lulr4Aqg\"],\"url\":\"https:\/\/www.akademianikona.pl\/blog\/author\/kiryluk\/\"}]}<\/script>\n<!-- \/ Yoast SEO plugin. -->","yoast_head_json":{"title":"Pierwsze kroki w fotografii produktowej - Akademia Nikona","robots":{"index":"index","follow":"follow","max-snippet":"max-snippet:-1","max-image-preview":"max-image-preview:large","max-video-preview":"max-video-preview:-1"},"canonical":"https:\/\/www.akademianikona.pl\/blog\/pierwsze-kroki-w-fotografii-produktowej\/","og_locale":"pl_PL","og_type":"article","og_title":"Pierwsze kroki w fotografii produktowej - Akademia Nikona","og_description":"Jesienne wieczory to \u015bwietny moment, by praktycznie po\u0107wiczy\u0107 fotografowanie w domowych warunkach. Zamiast odk\u0142ada\u0107 aparat na p\u00f3\u0142k\u0119, warto przygotowa\u0107 mini-studio i nauczy\u0107 si\u0119 robi\u0107 dobre zdj\u0119cia przedmiot\u00f3w \u2014 od bi\u017cuterii po ksi\u0105\u017cki i sprz\u0119ty codziennego u\u017cytku. Czytaj wi\u0119cej","og_url":"https:\/\/www.akademianikona.pl\/blog\/pierwsze-kroki-w-fotografii-produktowej\/","og_site_name":"Akademia Nikona","article_author":"https:\/\/www.facebook.com\/akademianikona","article_published_time":"2025-12-01T11:27:16+00:00","article_modified_time":"2025-12-04T19:04:24+00:00","og_image":[{"url":"https:\/\/www.akademianikona.pl\/blog\/wp-content\/uploads\/2025\/11\/172_6f24afba.jpg"}],"twitter_card":"summary_large_image","twitter_creator":"@nikonpolska","twitter_misc":{"Napisane przez":"S\u0142awomir Kiryluk","Szacowany czas czytania":"2 minuty"},"schema":{"@context":"https:\/\/schema.org","@graph":[{"@type":"WebSite","@id":"https:\/\/www.akademianikona.pl\/blog\/#website","url":"https:\/\/www.akademianikona.pl\/blog\/","name":"Akademia Nikona","description":"Blog fotograficzny Nikona - fotografia artystyczna","potentialAction":[{"@type":"SearchAction","target":{"@type":"EntryPoint","urlTemplate":"https:\/\/www.akademianikona.pl\/blog\/?s={search_term_string}"},"query-input":"required name=search_term_string"}],"inLanguage":"pl-PL"},{"@type":"ImageObject","@id":"https:\/\/www.akademianikona.pl\/blog\/pierwsze-kroki-w-fotografii-produktowej\/#primaryimage","inLanguage":"pl-PL","url":"https:\/\/www.akademianikona.pl\/blog\/wp-content\/uploads\/2025\/11\/172_6f24afba.jpg","contentUrl":"https:\/\/www.akademianikona.pl\/blog\/wp-content\/uploads\/2025\/11\/172_6f24afba.jpg","width":935,"height":680,"caption":"172 6f24afba"},{"@type":"WebPage","@id":"https:\/\/www.akademianikona.pl\/blog\/pierwsze-kroki-w-fotografii-produktowej\/#webpage","url":"https:\/\/www.akademianikona.pl\/blog\/pierwsze-kroki-w-fotografii-produktowej\/","name":"Pierwsze kroki w fotografii produktowej - Akademia Nikona","isPartOf":{"@id":"https:\/\/www.akademianikona.pl\/blog\/#website"},"primaryImageOfPage":{"@id":"https:\/\/www.akademianikona.pl\/blog\/pierwsze-kroki-w-fotografii-produktowej\/#primaryimage"},"datePublished":"2025-12-01T11:27:16+00:00","dateModified":"2025-12-04T19:04:24+00:00","author":{"@id":"https:\/\/www.akademianikona.pl\/blog\/#\/schema\/person\/d5d760b4a1431e85e2e7d4a217460acf"},"breadcrumb":{"@id":"https:\/\/www.akademianikona.pl\/blog\/pierwsze-kroki-w-fotografii-produktowej\/#breadcrumb"},"inLanguage":"pl-PL","potentialAction":[{"@type":"ReadAction","target":["https:\/\/www.akademianikona.pl\/blog\/pierwsze-kroki-w-fotografii-produktowej\/"]}]},{"@type":"BreadcrumbList","@id":"https:\/\/www.akademianikona.pl\/blog\/pierwsze-kroki-w-fotografii-produktowej\/#breadcrumb","itemListElement":[{"@type":"ListItem","position":1,"name":"Strona g\u0142\u00f3wna","item":"https:\/\/www.akademianikona.pl\/blog\/"},{"@type":"ListItem","position":2,"name":"Pierwsze kroki w fotografii produktowej"}]},{"@type":"Person","@id":"https:\/\/www.akademianikona.pl\/blog\/#\/schema\/person\/d5d760b4a1431e85e2e7d4a217460acf","name":"S\u0142awomir Kiryluk","image":{"@type":"ImageObject","@id":"https:\/\/www.akademianikona.pl\/blog\/#personlogo","inLanguage":"pl-PL","url":"https:\/\/www.akademianikona.pl\/blog\/wp-content\/uploads\/2025\/09\/slawomir-kiryluk_avatar-96x96.jpg","contentUrl":"https:\/\/www.akademianikona.pl\/blog\/wp-content\/uploads\/2025\/09\/slawomir-kiryluk_avatar-96x96.jpg","caption":"S\u0142awomir Kiryluk"},"description":"S\u0142awomir Kiryluk pasjonat fotografii, kt\u00f3ry w swoich tekstach \u0142\u0105czy techniczne zrozumienie z czu\u0142ym spojrzeniem na \u015bwiat obrazu. Inspiruj\u0105c si\u0119 warsztatami Akademii Nikona, opowiada o pi\u0119knie \u015bwiat\u0142a, emocjach skrywanych w krajobrazach i z pozoru zwyk\u0142ych detalach. Jego wpisy zach\u0119caj\u0105 do zatrzymania si\u0119, odkrycia magii codzienno\u015bci i \u015bwiadomego fotografowania \u2013 tak, aby ka\u017cde zdj\u0119cie mia\u0142o histori\u0119, kt\u00f3ra porusza.","sameAs":["https:\/\/www.facebook.com\/akademianikona","https:\/\/twitter.com\/nikonpolska","https:\/\/www.youtube.com\/channel\/UCNVN0zdvdXaf4t9lulr4Aqg"],"url":"https:\/\/www.akademianikona.pl\/blog\/author\/kiryluk\/"}]}},"_links":{"self":[{"href":"https:\/\/www.akademianikona.pl\/blog\/wp-json\/wp\/v2\/posts\/26574"}],"collection":[{"href":"https:\/\/www.akademianikona.pl\/blog\/wp-json\/wp\/v2\/posts"}],"about":[{"href":"https:\/\/www.akademianikona.pl\/blog\/wp-json\/wp\/v2\/types\/post"}],"author":[{"embeddable":true,"href":"https:\/\/www.akademianikona.pl\/blog\/wp-json\/wp\/v2\/users\/3"}],"replies":[{"embeddable":true,"href":"https:\/\/www.akademianikona.pl\/blog\/wp-json\/wp\/v2\/comments?post=26574"}],"version-history":[{"count":2,"href":"https:\/\/www.akademianikona.pl\/blog\/wp-json\/wp\/v2\/posts\/26574\/revisions"}],"predecessor-version":[{"id":26621,"href":"https:\/\/www.akademianikona.pl\/blog\/wp-json\/wp\/v2\/posts\/26574\/revisions\/26621"}],"wp:attachment":[{"href":"https:\/\/www.akademianikona.pl\/blog\/wp-json\/wp\/v2\/media?parent=26574"}],"wp:term":[{"taxonomy":"category","embeddable":true,"href":"https:\/\/www.akademianikona.pl\/blog\/wp-json\/wp\/v2\/categories?post=26574"},{"taxonomy":"post_tag","embeddable":true,"href":"https:\/\/www.akademianikona.pl\/blog\/wp-json\/wp\/v2\/tags?post=26574"}],"curies":[{"name":"wp","href":"https:\/\/api.w.org\/{rel}","templated":true}]}}