{"id":26763,"date":"2026-03-22T22:47:16","date_gmt":"2026-03-22T21:47:16","guid":{"rendered":"https:\/\/www.akademianikona.pl\/blog\/?p=26763"},"modified":"2026-03-22T22:48:17","modified_gmt":"2026-03-22T21:48:17","slug":"wiosenne-makro-jak-fotografowac-kwiaty-i-detale-ktorych-inni-nie-zauwazaja","status":"publish","type":"post","link":"https:\/\/www.akademianikona.pl\/blog\/wiosenne-makro-jak-fotografowac-kwiaty-i-detale-ktorych-inni-nie-zauwazaja\/","title":{"rendered":"Wiosenne makro: jak fotografowa\u0107 kwiaty i detale, kt\u00f3rych inni nie zauwa\u017caj\u0105?"},"content":{"rendered":"\n<figure class=\"wp-block-gallery columns-3 is-cropped\"><ul class=\"blocks-gallery-grid\"><li class=\"blocks-gallery-item\"><figure><img loading=\"lazy\" width=\"445\" height=\"670\" src=\"https:\/\/www.akademianikona.pl\/blog\/wp-content\/uploads\/2026\/03\/6.jpg\" alt=\"6\" data-id=\"26764\" data-full-url=\"https:\/\/www.akademianikona.pl\/blog\/wp-content\/uploads\/2026\/03\/6.jpg\" data-link=\"https:\/\/www.akademianikona.pl\/blog\/?attachment_id=26764\" class=\"wp-image-26764\" srcset=\"https:\/\/www.akademianikona.pl\/blog\/wp-content\/uploads\/2026\/03\/6.jpg 445w, https:\/\/www.akademianikona.pl\/blog\/wp-content\/uploads\/2026\/03\/6-199x300.jpg 199w\" sizes=\"(max-width: 445px) 100vw, 445px\" \/><\/figure><\/li><li class=\"blocks-gallery-item\"><figure><img loading=\"lazy\" width=\"445\" height=\"670\" src=\"https:\/\/www.akademianikona.pl\/blog\/wp-content\/uploads\/2026\/03\/5.jpg\" alt=\"5\" data-id=\"26765\" data-full-url=\"https:\/\/www.akademianikona.pl\/blog\/wp-content\/uploads\/2026\/03\/5.jpg\" data-link=\"https:\/\/www.akademianikona.pl\/blog\/?attachment_id=26765\" class=\"wp-image-26765\" srcset=\"https:\/\/www.akademianikona.pl\/blog\/wp-content\/uploads\/2026\/03\/5.jpg 445w, https:\/\/www.akademianikona.pl\/blog\/wp-content\/uploads\/2026\/03\/5-199x300.jpg 199w\" sizes=\"(max-width: 445px) 100vw, 445px\" \/><\/figure><\/li><li class=\"blocks-gallery-item\"><figure><img loading=\"lazy\" width=\"445\" height=\"600\" src=\"https:\/\/www.akademianikona.pl\/blog\/wp-content\/uploads\/2026\/03\/8-2.jpg\" alt=\"8 2\" data-id=\"26766\" data-full-url=\"https:\/\/www.akademianikona.pl\/blog\/wp-content\/uploads\/2026\/03\/8-2.jpg\" data-link=\"https:\/\/www.akademianikona.pl\/blog\/?attachment_id=26766\" class=\"wp-image-26766\" srcset=\"https:\/\/www.akademianikona.pl\/blog\/wp-content\/uploads\/2026\/03\/8-2.jpg 445w, https:\/\/www.akademianikona.pl\/blog\/wp-content\/uploads\/2026\/03\/8-2-223x300.jpg 223w\" sizes=\"(max-width: 445px) 100vw, 445px\" \/><\/figure><\/li><li class=\"blocks-gallery-item\"><figure><img loading=\"lazy\" width=\"445\" height=\"629\" src=\"https:\/\/www.akademianikona.pl\/blog\/wp-content\/uploads\/2026\/03\/4.jpg\" alt=\"4\" data-id=\"26767\" data-full-url=\"https:\/\/www.akademianikona.pl\/blog\/wp-content\/uploads\/2026\/03\/4.jpg\" data-link=\"https:\/\/www.akademianikona.pl\/blog\/?attachment_id=26767\" class=\"wp-image-26767\" srcset=\"https:\/\/www.akademianikona.pl\/blog\/wp-content\/uploads\/2026\/03\/4.jpg 445w, https:\/\/www.akademianikona.pl\/blog\/wp-content\/uploads\/2026\/03\/4-212x300.jpg 212w\" sizes=\"(max-width: 445px) 100vw, 445px\" \/><\/figure><\/li><li class=\"blocks-gallery-item\"><figure><img loading=\"lazy\" width=\"892\" height=\"630\" src=\"https:\/\/www.akademianikona.pl\/blog\/wp-content\/uploads\/2026\/03\/3-zoom.jpg\" alt=\"3 zoom\" data-id=\"26768\" data-full-url=\"https:\/\/www.akademianikona.pl\/blog\/wp-content\/uploads\/2026\/03\/3-zoom.jpg\" data-link=\"https:\/\/www.akademianikona.pl\/blog\/?attachment_id=26768\" class=\"wp-image-26768\" srcset=\"https:\/\/www.akademianikona.pl\/blog\/wp-content\/uploads\/2026\/03\/3-zoom.jpg 892w, https:\/\/www.akademianikona.pl\/blog\/wp-content\/uploads\/2026\/03\/3-zoom-300x212.jpg 300w, https:\/\/www.akademianikona.pl\/blog\/wp-content\/uploads\/2026\/03\/3-zoom-768x542.jpg 768w, https:\/\/www.akademianikona.pl\/blog\/wp-content\/uploads\/2026\/03\/3-zoom-425x300.jpg 425w\" sizes=\"(max-width: 892px) 100vw, 892px\" \/><\/figure><\/li><li class=\"blocks-gallery-item\"><figure><img loading=\"lazy\" width=\"445\" height=\"649\" src=\"https:\/\/www.akademianikona.pl\/blog\/wp-content\/uploads\/2026\/03\/2-2.jpg\" alt=\"2 2\" data-id=\"26769\" data-full-url=\"https:\/\/www.akademianikona.pl\/blog\/wp-content\/uploads\/2026\/03\/2-2.jpg\" data-link=\"https:\/\/www.akademianikona.pl\/blog\/?attachment_id=26769\" class=\"wp-image-26769\" srcset=\"https:\/\/www.akademianikona.pl\/blog\/wp-content\/uploads\/2026\/03\/2-2.jpg 445w, https:\/\/www.akademianikona.pl\/blog\/wp-content\/uploads\/2026\/03\/2-2-206x300.jpg 206w\" sizes=\"(max-width: 445px) 100vw, 445px\" \/><\/figure><\/li><\/ul><figcaption class=\"blocks-gallery-caption\">fot. Magdalena Wasiczek<\/figcaption><\/figure>\n\n\n\n<div style=\"height:10px\" aria-hidden=\"true\" class=\"wp-block-spacer\"><\/div>\n\n\n\n<p>Wiosna to czas, kiedy przyroda budzi si\u0119 do \u017cycia \u2014 a wraz z ni\u0105 pojawia si\u0119 niesko\u0144czona liczba temat\u00f3w dla fotograf\u00f3w. P\u0105ki, pierwsze kwiaty, krople rosy, drobne owady czy struktury li\u015bci tworz\u0105 \u015bwiat, kt\u00f3ry na co dzie\u0144 \u0142atwo przeoczy\u0107.\u00a0Fotografia makro pozwala zatrzyma\u0107 si\u0119 na chwil\u0119 i zobaczy\u0107 wi\u0119cej.<\/p>\n\n\n\n<!--more-->\n\n\n\n<p>Kluczem do udanych zdj\u0119\u0107 makro jest&nbsp;<strong>uwa\u017cno\u015b\u0107<\/strong>. Zamiast szuka\u0107 spektakularnych kadr\u00f3w, warto skupi\u0107 si\u0119 na detalach: pojedynczym p\u0142atku, fakturze \u0142odygi czy \u015bwietle przenikaj\u0105cym przez cienk\u0105 struktur\u0119 li\u015bcia. Wiosenne poranki s\u0105 do tego idealne \u2014 mi\u0119kkie \u015bwiat\u0142o i delikatna wilgo\u0107 w powietrzu dodaj\u0105 zdj\u0119ciom \u015bwie\u017co\u015bci i subtelno\u015bci.<\/p>\n\n\n\n<p>Nie mniej wa\u017cna jest\u00a0<strong>praca ze \u015bwiat\u0142em<\/strong>. W makrofotografii nawet niewielka zmiana k\u0105ta padania \u015bwiat\u0142a mo\u017ce ca\u0142kowicie odmieni\u0107 zdj\u0119cie. \u015awiat\u0142o boczne podkre\u015bla faktur\u0119 i tr\u00f3jwymiarowo\u015b\u0107, podczas gdy rozproszone \u2014 pozwala uzyska\u0107 bardziej mi\u0119kki, eteryczny efekt. Warto eksperymentowa\u0107 tak\u017ce z t\u0142em: jednolite, spokojne kolory pomagaj\u0105 wyeksponowa\u0107 g\u0142\u00f3wny motyw i nadaj\u0105 zdj\u0119ciu harmonii.<\/p>\n\n\n\n<figure class=\"wp-block-gallery columns-1 is-cropped\"><ul class=\"blocks-gallery-grid\"><li class=\"blocks-gallery-item\"><figure><img loading=\"lazy\" width=\"783\" height=\"623\" src=\"https:\/\/www.akademianikona.pl\/blog\/wp-content\/uploads\/2026\/03\/1-4-1.jpg\" alt=\"1 4 1\" data-id=\"26771\" data-full-url=\"https:\/\/www.akademianikona.pl\/blog\/wp-content\/uploads\/2026\/03\/1-4-1.jpg\" data-link=\"https:\/\/www.akademianikona.pl\/blog\/?attachment_id=26771\" class=\"wp-image-26771\" srcset=\"https:\/\/www.akademianikona.pl\/blog\/wp-content\/uploads\/2026\/03\/1-4-1.jpg 783w, https:\/\/www.akademianikona.pl\/blog\/wp-content\/uploads\/2026\/03\/1-4-1-300x239.jpg 300w, https:\/\/www.akademianikona.pl\/blog\/wp-content\/uploads\/2026\/03\/1-4-1-768x611.jpg 768w, https:\/\/www.akademianikona.pl\/blog\/wp-content\/uploads\/2026\/03\/1-4-1-377x300.jpg 377w\" sizes=\"(max-width: 783px) 100vw, 783px\" \/><\/figure><\/li><\/ul><figcaption class=\"blocks-gallery-caption\">fot. Magdalena Wasiczek<\/figcaption><\/figure>\n\n\n\n<div style=\"height:10px\" aria-hidden=\"true\" class=\"wp-block-spacer\"><\/div>\n\n\n\n<p>Makro uczy tak\u017ce&nbsp;<strong>cierpliwo\u015bci i precyzji<\/strong>. G\u0142\u0119bia ostro\u015bci jest bardzo ma\u0142a, dlatego kluczowe staje si\u0119 dok\u0142adne ustawienie punktu ostro\u015bci. Nawet lekki ruch aparatu mo\u017ce wp\u0142yn\u0105\u0107 na efekt ko\u0144cowy \u2014 dlatego cz\u0119sto pomocny okazuje si\u0119 statyw lub stabilne oparcie. Jednocze\u015bnie warto pr\u00f3bowa\u0107 r\u00f3\u017cnych perspektyw: fotografowa\u0107 z poziomu ziemi, zbli\u017ca\u0107 si\u0119 do obiektu, szuka\u0107 nietypowych kadr\u00f3w.<\/p>\n\n\n\n<p>To w\u0142a\u015bnie w takich momentach okazuje si\u0119, \u017ce najciekawsze zdj\u0119cia nie wymagaj\u0105 dalekich podr\u00f3\u017cy ani skomplikowanego sprz\u0119tu. Wystarczy wyj\u015b\u0107 do ogrodu, parku czy na \u0142\u0105k\u0119 i pozwoli\u0107 sobie na spokojn\u0105 obserwacj\u0119. Wiosenne makro to nie tylko technika \u2014 to <strong>spos\u00f3b patrzenia<\/strong>, kt\u00f3ry pozwala odkrywa\u0107 pi\u0119kno w najdrobniejszych elementach otaczaj\u0105cego \u015bwiata.<\/p>\n\n\n\n<p>Je\u015bli chcecie zg\u0142\u0119bi\u0107 temat i zobaczy\u0107 wi\u0119cej inspiracji oraz wskaz\u00f3wek, zajrzyjcie do <a href=\"https:\/\/www.szerokikadr.pl\/poradnik\/fotografia-makro-wiosna\" target=\"_blank\" rel=\"noreferrer noopener nofollow\">poradnika na Szerokim Kadrze<\/a>. A je\u015bli chcecie rozwin\u0105\u0107 swoje umiej\u0119tno\u015bci w praktyce i zobaczy\u0107 makro z zupe\u0142nie nowej perspektywy, zainteresujcie si\u0119 <a href=\"https:\/\/www.akademianikona.pl\/masterclass\/156\/makroprzestrzenie-z-magda-wasiczek\/\">naszym masterclass<\/a>.<\/p>\n","protected":false},"excerpt":{"rendered":"<p>Wiosna to czas, kiedy przyroda budzi si\u0119 do \u017cycia \u2014 a wraz z ni\u0105 pojawia si\u0119 niesko\u0144czona liczba temat\u00f3w dla fotograf\u00f3w. P\u0105ki, pierwsze kwiaty, krople rosy, drobne owady czy struktury li\u015bci tworz\u0105 \u015bwiat, kt\u00f3ry na co dzie\u0144 \u0142atwo przeoczy\u0107.\u00a0Fotografia makro <a class=\"o-btn-more o-btn-more--blog\" href=\"https:\/\/www.akademianikona.pl\/blog\/wiosenne-makro-jak-fotografowac-kwiaty-i-detale-ktorych-inni-nie-zauwazaja\/\"> <span class=\"o-btn-more__text t-event-accent-color--ha-only\">Czytaj wi\u0119cej<\/span> <span class=\"o-btn-more__icon \"> <!--?xml version=\"1.0\" encoding=\"UTF-8\" standalone=\"no\"?--><svg width=\"48\" height=\"24\" viewBox=\"0 0 48 24\" xmlns=\"http:\/\/www.w3.org\/2000\/svg\"><path d=\"M36.586 18.586L41.172 14H2a2 2 0 0 1 0-4h39.172l-4.586-4.586a2 2 0 1 1 2.828-2.828l8 8c.391.39.586.902.586 1.414 0 .512-.195 1.023-.586 1.414l-8 8a2 2 0 1 1-2.828-2.828z\" class=\"show-more-right t-event-accent-color\" fill=\"none\" fill-rule=\"evenodd\"><\/path><\/svg> <\/span><\/a><\/p>\n","protected":false},"author":3,"featured_media":0,"comment_status":"open","ping_status":"open","sticky":false,"template":"","format":"standard","meta":[],"categories":[2,569],"tags":[],"yoast_head":"<!-- This site is optimized with the Yoast SEO plugin v18.0 - https:\/\/yoast.com\/wordpress\/plugins\/seo\/ -->\n<title>Wiosenne makro: jak fotografowa\u0107 kwiaty i detale, kt\u00f3rych inni nie zauwa\u017caj\u0105? - Akademia Nikona<\/title>\n<meta name=\"robots\" content=\"index, follow, max-snippet:-1, max-image-preview:large, max-video-preview:-1\" \/>\n<link rel=\"canonical\" href=\"https:\/\/www.akademianikona.pl\/blog\/wiosenne-makro-jak-fotografowac-kwiaty-i-detale-ktorych-inni-nie-zauwazaja\/\" \/>\n<meta property=\"og:locale\" content=\"pl_PL\" \/>\n<meta property=\"og:type\" content=\"article\" \/>\n<meta property=\"og:title\" content=\"Wiosenne makro: jak fotografowa\u0107 kwiaty i detale, kt\u00f3rych inni nie zauwa\u017caj\u0105? - Akademia Nikona\" \/>\n<meta property=\"og:description\" content=\"Wiosna to czas, kiedy przyroda budzi si\u0119 do \u017cycia \u2014 a wraz z ni\u0105 pojawia si\u0119 niesko\u0144czona liczba temat\u00f3w dla fotograf\u00f3w. P\u0105ki, pierwsze kwiaty, krople rosy, drobne owady czy struktury li\u015bci tworz\u0105 \u015bwiat, kt\u00f3ry na co dzie\u0144 \u0142atwo przeoczy\u0107.\u00a0Fotografia makro Czytaj wi\u0119cej\" \/>\n<meta property=\"og:url\" content=\"https:\/\/www.akademianikona.pl\/blog\/wiosenne-makro-jak-fotografowac-kwiaty-i-detale-ktorych-inni-nie-zauwazaja\/\" \/>\n<meta property=\"og:site_name\" content=\"Akademia Nikona\" \/>\n<meta property=\"article:author\" content=\"https:\/\/www.facebook.com\/akademianikona\" \/>\n<meta property=\"article:published_time\" content=\"2026-03-22T21:47:16+00:00\" \/>\n<meta property=\"article:modified_time\" content=\"2026-03-22T21:48:17+00:00\" \/>\n<meta property=\"og:image\" content=\"https:\/\/www.akademianikona.pl\/blog\/wp-content\/uploads\/2026\/03\/6.jpg\" \/>\n<meta name=\"twitter:card\" content=\"summary_large_image\" \/>\n<meta name=\"twitter:creator\" content=\"@nikonpolska\" \/>\n<meta name=\"twitter:label1\" content=\"Napisane przez\" \/>\n\t<meta name=\"twitter:data1\" content=\"S\u0142awomir Kiryluk\" \/>\n\t<meta name=\"twitter:label2\" content=\"Szacowany czas czytania\" \/>\n\t<meta name=\"twitter:data2\" content=\"4 minuty\" \/>\n<script type=\"application\/ld+json\" class=\"yoast-schema-graph\">{\"@context\":\"https:\/\/schema.org\",\"@graph\":[{\"@type\":\"WebSite\",\"@id\":\"https:\/\/www.akademianikona.pl\/blog\/#website\",\"url\":\"https:\/\/www.akademianikona.pl\/blog\/\",\"name\":\"Akademia Nikona\",\"description\":\"Blog fotograficzny Nikona - fotografia artystyczna\",\"potentialAction\":[{\"@type\":\"SearchAction\",\"target\":{\"@type\":\"EntryPoint\",\"urlTemplate\":\"https:\/\/www.akademianikona.pl\/blog\/?s={search_term_string}\"},\"query-input\":\"required name=search_term_string\"}],\"inLanguage\":\"pl-PL\"},{\"@type\":\"ImageObject\",\"@id\":\"https:\/\/www.akademianikona.pl\/blog\/wiosenne-makro-jak-fotografowac-kwiaty-i-detale-ktorych-inni-nie-zauwazaja\/#primaryimage\",\"inLanguage\":\"pl-PL\",\"url\":\"https:\/\/www.akademianikona.pl\/blog\/wp-content\/uploads\/2026\/03\/6.jpg\",\"contentUrl\":\"https:\/\/www.akademianikona.pl\/blog\/wp-content\/uploads\/2026\/03\/6.jpg\",\"width\":445,\"height\":670,\"caption\":\"6\"},{\"@type\":\"WebPage\",\"@id\":\"https:\/\/www.akademianikona.pl\/blog\/wiosenne-makro-jak-fotografowac-kwiaty-i-detale-ktorych-inni-nie-zauwazaja\/#webpage\",\"url\":\"https:\/\/www.akademianikona.pl\/blog\/wiosenne-makro-jak-fotografowac-kwiaty-i-detale-ktorych-inni-nie-zauwazaja\/\",\"name\":\"Wiosenne makro: jak fotografowa\u0107 kwiaty i detale, kt\u00f3rych inni nie zauwa\u017caj\u0105? - Akademia Nikona\",\"isPartOf\":{\"@id\":\"https:\/\/www.akademianikona.pl\/blog\/#website\"},\"primaryImageOfPage\":{\"@id\":\"https:\/\/www.akademianikona.pl\/blog\/wiosenne-makro-jak-fotografowac-kwiaty-i-detale-ktorych-inni-nie-zauwazaja\/#primaryimage\"},\"datePublished\":\"2026-03-22T21:47:16+00:00\",\"dateModified\":\"2026-03-22T21:48:17+00:00\",\"author\":{\"@id\":\"https:\/\/www.akademianikona.pl\/blog\/#\/schema\/person\/d5d760b4a1431e85e2e7d4a217460acf\"},\"breadcrumb\":{\"@id\":\"https:\/\/www.akademianikona.pl\/blog\/wiosenne-makro-jak-fotografowac-kwiaty-i-detale-ktorych-inni-nie-zauwazaja\/#breadcrumb\"},\"inLanguage\":\"pl-PL\",\"potentialAction\":[{\"@type\":\"ReadAction\",\"target\":[\"https:\/\/www.akademianikona.pl\/blog\/wiosenne-makro-jak-fotografowac-kwiaty-i-detale-ktorych-inni-nie-zauwazaja\/\"]}]},{\"@type\":\"BreadcrumbList\",\"@id\":\"https:\/\/www.akademianikona.pl\/blog\/wiosenne-makro-jak-fotografowac-kwiaty-i-detale-ktorych-inni-nie-zauwazaja\/#breadcrumb\",\"itemListElement\":[{\"@type\":\"ListItem\",\"position\":1,\"name\":\"Strona g\u0142\u00f3wna\",\"item\":\"https:\/\/www.akademianikona.pl\/blog\/\"},{\"@type\":\"ListItem\",\"position\":2,\"name\":\"Wiosenne makro: jak fotografowa\u0107 kwiaty i detale, kt\u00f3rych inni nie zauwa\u017caj\u0105?\"}]},{\"@type\":\"Person\",\"@id\":\"https:\/\/www.akademianikona.pl\/blog\/#\/schema\/person\/d5d760b4a1431e85e2e7d4a217460acf\",\"name\":\"S\u0142awomir Kiryluk\",\"image\":{\"@type\":\"ImageObject\",\"@id\":\"https:\/\/www.akademianikona.pl\/blog\/#personlogo\",\"inLanguage\":\"pl-PL\",\"url\":\"https:\/\/www.akademianikona.pl\/blog\/wp-content\/uploads\/2025\/09\/slawomir-kiryluk_avatar-96x96.jpg\",\"contentUrl\":\"https:\/\/www.akademianikona.pl\/blog\/wp-content\/uploads\/2025\/09\/slawomir-kiryluk_avatar-96x96.jpg\",\"caption\":\"S\u0142awomir Kiryluk\"},\"description\":\"S\u0142awomir Kiryluk pasjonat fotografii, kt\u00f3ry w swoich tekstach \u0142\u0105czy techniczne zrozumienie z czu\u0142ym spojrzeniem na \u015bwiat obrazu. Inspiruj\u0105c si\u0119 warsztatami Akademii Nikona, opowiada o pi\u0119knie \u015bwiat\u0142a, emocjach skrywanych w krajobrazach i z pozoru zwyk\u0142ych detalach. Jego wpisy zach\u0119caj\u0105 do zatrzymania si\u0119, odkrycia magii codzienno\u015bci i \u015bwiadomego fotografowania \u2013 tak, aby ka\u017cde zdj\u0119cie mia\u0142o histori\u0119, kt\u00f3ra porusza.\",\"sameAs\":[\"https:\/\/www.facebook.com\/akademianikona\",\"https:\/\/twitter.com\/nikonpolska\",\"https:\/\/www.youtube.com\/channel\/UCNVN0zdvdXaf4t9lulr4Aqg\"],\"url\":\"https:\/\/www.akademianikona.pl\/blog\/author\/kiryluk\/\"}]}<\/script>\n<!-- \/ Yoast SEO plugin. -->","yoast_head_json":{"title":"Wiosenne makro: jak fotografowa\u0107 kwiaty i detale, kt\u00f3rych inni nie zauwa\u017caj\u0105? - Akademia Nikona","robots":{"index":"index","follow":"follow","max-snippet":"max-snippet:-1","max-image-preview":"max-image-preview:large","max-video-preview":"max-video-preview:-1"},"canonical":"https:\/\/www.akademianikona.pl\/blog\/wiosenne-makro-jak-fotografowac-kwiaty-i-detale-ktorych-inni-nie-zauwazaja\/","og_locale":"pl_PL","og_type":"article","og_title":"Wiosenne makro: jak fotografowa\u0107 kwiaty i detale, kt\u00f3rych inni nie zauwa\u017caj\u0105? - Akademia Nikona","og_description":"Wiosna to czas, kiedy przyroda budzi si\u0119 do \u017cycia \u2014 a wraz z ni\u0105 pojawia si\u0119 niesko\u0144czona liczba temat\u00f3w dla fotograf\u00f3w. P\u0105ki, pierwsze kwiaty, krople rosy, drobne owady czy struktury li\u015bci tworz\u0105 \u015bwiat, kt\u00f3ry na co dzie\u0144 \u0142atwo przeoczy\u0107.\u00a0Fotografia makro Czytaj wi\u0119cej","og_url":"https:\/\/www.akademianikona.pl\/blog\/wiosenne-makro-jak-fotografowac-kwiaty-i-detale-ktorych-inni-nie-zauwazaja\/","og_site_name":"Akademia Nikona","article_author":"https:\/\/www.facebook.com\/akademianikona","article_published_time":"2026-03-22T21:47:16+00:00","article_modified_time":"2026-03-22T21:48:17+00:00","og_image":[{"url":"https:\/\/www.akademianikona.pl\/blog\/wp-content\/uploads\/2026\/03\/6.jpg"}],"twitter_card":"summary_large_image","twitter_creator":"@nikonpolska","twitter_misc":{"Napisane przez":"S\u0142awomir Kiryluk","Szacowany czas czytania":"4 minuty"},"schema":{"@context":"https:\/\/schema.org","@graph":[{"@type":"WebSite","@id":"https:\/\/www.akademianikona.pl\/blog\/#website","url":"https:\/\/www.akademianikona.pl\/blog\/","name":"Akademia Nikona","description":"Blog fotograficzny Nikona - fotografia artystyczna","potentialAction":[{"@type":"SearchAction","target":{"@type":"EntryPoint","urlTemplate":"https:\/\/www.akademianikona.pl\/blog\/?s={search_term_string}"},"query-input":"required name=search_term_string"}],"inLanguage":"pl-PL"},{"@type":"ImageObject","@id":"https:\/\/www.akademianikona.pl\/blog\/wiosenne-makro-jak-fotografowac-kwiaty-i-detale-ktorych-inni-nie-zauwazaja\/#primaryimage","inLanguage":"pl-PL","url":"https:\/\/www.akademianikona.pl\/blog\/wp-content\/uploads\/2026\/03\/6.jpg","contentUrl":"https:\/\/www.akademianikona.pl\/blog\/wp-content\/uploads\/2026\/03\/6.jpg","width":445,"height":670,"caption":"6"},{"@type":"WebPage","@id":"https:\/\/www.akademianikona.pl\/blog\/wiosenne-makro-jak-fotografowac-kwiaty-i-detale-ktorych-inni-nie-zauwazaja\/#webpage","url":"https:\/\/www.akademianikona.pl\/blog\/wiosenne-makro-jak-fotografowac-kwiaty-i-detale-ktorych-inni-nie-zauwazaja\/","name":"Wiosenne makro: jak fotografowa\u0107 kwiaty i detale, kt\u00f3rych inni nie zauwa\u017caj\u0105? - Akademia Nikona","isPartOf":{"@id":"https:\/\/www.akademianikona.pl\/blog\/#website"},"primaryImageOfPage":{"@id":"https:\/\/www.akademianikona.pl\/blog\/wiosenne-makro-jak-fotografowac-kwiaty-i-detale-ktorych-inni-nie-zauwazaja\/#primaryimage"},"datePublished":"2026-03-22T21:47:16+00:00","dateModified":"2026-03-22T21:48:17+00:00","author":{"@id":"https:\/\/www.akademianikona.pl\/blog\/#\/schema\/person\/d5d760b4a1431e85e2e7d4a217460acf"},"breadcrumb":{"@id":"https:\/\/www.akademianikona.pl\/blog\/wiosenne-makro-jak-fotografowac-kwiaty-i-detale-ktorych-inni-nie-zauwazaja\/#breadcrumb"},"inLanguage":"pl-PL","potentialAction":[{"@type":"ReadAction","target":["https:\/\/www.akademianikona.pl\/blog\/wiosenne-makro-jak-fotografowac-kwiaty-i-detale-ktorych-inni-nie-zauwazaja\/"]}]},{"@type":"BreadcrumbList","@id":"https:\/\/www.akademianikona.pl\/blog\/wiosenne-makro-jak-fotografowac-kwiaty-i-detale-ktorych-inni-nie-zauwazaja\/#breadcrumb","itemListElement":[{"@type":"ListItem","position":1,"name":"Strona g\u0142\u00f3wna","item":"https:\/\/www.akademianikona.pl\/blog\/"},{"@type":"ListItem","position":2,"name":"Wiosenne makro: jak fotografowa\u0107 kwiaty i detale, kt\u00f3rych inni nie zauwa\u017caj\u0105?"}]},{"@type":"Person","@id":"https:\/\/www.akademianikona.pl\/blog\/#\/schema\/person\/d5d760b4a1431e85e2e7d4a217460acf","name":"S\u0142awomir Kiryluk","image":{"@type":"ImageObject","@id":"https:\/\/www.akademianikona.pl\/blog\/#personlogo","inLanguage":"pl-PL","url":"https:\/\/www.akademianikona.pl\/blog\/wp-content\/uploads\/2025\/09\/slawomir-kiryluk_avatar-96x96.jpg","contentUrl":"https:\/\/www.akademianikona.pl\/blog\/wp-content\/uploads\/2025\/09\/slawomir-kiryluk_avatar-96x96.jpg","caption":"S\u0142awomir Kiryluk"},"description":"S\u0142awomir Kiryluk pasjonat fotografii, kt\u00f3ry w swoich tekstach \u0142\u0105czy techniczne zrozumienie z czu\u0142ym spojrzeniem na \u015bwiat obrazu. Inspiruj\u0105c si\u0119 warsztatami Akademii Nikona, opowiada o pi\u0119knie \u015bwiat\u0142a, emocjach skrywanych w krajobrazach i z pozoru zwyk\u0142ych detalach. Jego wpisy zach\u0119caj\u0105 do zatrzymania si\u0119, odkrycia magii codzienno\u015bci i \u015bwiadomego fotografowania \u2013 tak, aby ka\u017cde zdj\u0119cie mia\u0142o histori\u0119, kt\u00f3ra porusza.","sameAs":["https:\/\/www.facebook.com\/akademianikona","https:\/\/twitter.com\/nikonpolska","https:\/\/www.youtube.com\/channel\/UCNVN0zdvdXaf4t9lulr4Aqg"],"url":"https:\/\/www.akademianikona.pl\/blog\/author\/kiryluk\/"}]}},"_links":{"self":[{"href":"https:\/\/www.akademianikona.pl\/blog\/wp-json\/wp\/v2\/posts\/26763"}],"collection":[{"href":"https:\/\/www.akademianikona.pl\/blog\/wp-json\/wp\/v2\/posts"}],"about":[{"href":"https:\/\/www.akademianikona.pl\/blog\/wp-json\/wp\/v2\/types\/post"}],"author":[{"embeddable":true,"href":"https:\/\/www.akademianikona.pl\/blog\/wp-json\/wp\/v2\/users\/3"}],"replies":[{"embeddable":true,"href":"https:\/\/www.akademianikona.pl\/blog\/wp-json\/wp\/v2\/comments?post=26763"}],"version-history":[{"count":2,"href":"https:\/\/www.akademianikona.pl\/blog\/wp-json\/wp\/v2\/posts\/26763\/revisions"}],"predecessor-version":[{"id":26774,"href":"https:\/\/www.akademianikona.pl\/blog\/wp-json\/wp\/v2\/posts\/26763\/revisions\/26774"}],"wp:attachment":[{"href":"https:\/\/www.akademianikona.pl\/blog\/wp-json\/wp\/v2\/media?parent=26763"}],"wp:term":[{"taxonomy":"category","embeddable":true,"href":"https:\/\/www.akademianikona.pl\/blog\/wp-json\/wp\/v2\/categories?post=26763"},{"taxonomy":"post_tag","embeddable":true,"href":"https:\/\/www.akademianikona.pl\/blog\/wp-json\/wp\/v2\/tags?post=26763"}],"curies":[{"name":"wp","href":"https:\/\/api.w.org\/{rel}","templated":true}]}}