{"id":26839,"date":"2026-04-24T12:00:00","date_gmt":"2026-04-24T10:00:00","guid":{"rendered":"https:\/\/www.akademianikona.pl\/blog\/?p=26839"},"modified":"2026-04-28T13:45:03","modified_gmt":"2026-04-28T11:45:03","slug":"jak-zrobic-zdjecia-pejzazowe-ktore-naprawde-zachwycaja","status":"publish","type":"post","link":"https:\/\/www.akademianikona.pl\/blog\/jak-zrobic-zdjecia-pejzazowe-ktore-naprawde-zachwycaja\/","title":{"rendered":"Jak zrobi\u0107 zdj\u0119cia pejza\u017cowe, kt\u00f3re naprawd\u0119 zachwycaj\u0105?"},"content":{"rendered":"\n<figure class=\"wp-block-gallery columns-3 is-cropped\"><ul class=\"blocks-gallery-grid\"><li class=\"blocks-gallery-item\"><figure><img loading=\"lazy\" width=\"1000\" height=\"665\" src=\"https:\/\/www.akademianikona.pl\/blog\/wp-content\/uploads\/2012\/06\/sk_pejzaz_II-145.jpg\" alt=\"sk pejzaz II 145\" data-id=\"8604\" data-link=\"https:\/\/www.akademianikona.pl\/blog\/?attachment_id=8604\" class=\"wp-image-8604\" srcset=\"https:\/\/www.akademianikona.pl\/blog\/wp-content\/uploads\/2012\/06\/sk_pejzaz_II-145.jpg 1000w, https:\/\/www.akademianikona.pl\/blog\/wp-content\/uploads\/2012\/06\/sk_pejzaz_II-145-300x199.jpg 300w\" sizes=\"(max-width: 1000px) 100vw, 1000px\" \/><figcaption class=\"blocks-gallery-item__caption\">fot. S. Kiryluk<\/figcaption><\/figure><\/li><li class=\"blocks-gallery-item\"><figure><img loading=\"lazy\" width=\"1000\" height=\"667\" src=\"https:\/\/www.akademianikona.pl\/blog\/wp-content\/uploads\/2012\/06\/sk-pejzaz-II-1.jpg\" alt=\"sk pejzaz II 1\" data-id=\"8684\" data-link=\"https:\/\/www.akademianikona.pl\/blog\/?attachment_id=8684\" class=\"wp-image-8684\" srcset=\"https:\/\/www.akademianikona.pl\/blog\/wp-content\/uploads\/2012\/06\/sk-pejzaz-II-1.jpg 1000w, https:\/\/www.akademianikona.pl\/blog\/wp-content\/uploads\/2012\/06\/sk-pejzaz-II-1-300x200.jpg 300w\" sizes=\"(max-width: 1000px) 100vw, 1000px\" \/><figcaption class=\"blocks-gallery-item__caption\">fot. S. Kiryluk<\/figcaption><\/figure><\/li><li class=\"blocks-gallery-item\"><figure><img loading=\"lazy\" width=\"1000\" height=\"665\" src=\"https:\/\/www.akademianikona.pl\/blog\/wp-content\/uploads\/2012\/06\/sk_pejzaz_II-148.jpg\" alt=\"sk pejzaz II 148\" data-id=\"8689\" data-link=\"https:\/\/www.akademianikona.pl\/blog\/?attachment_id=8689\" class=\"wp-image-8689\" srcset=\"https:\/\/www.akademianikona.pl\/blog\/wp-content\/uploads\/2012\/06\/sk_pejzaz_II-148.jpg 1000w, https:\/\/www.akademianikona.pl\/blog\/wp-content\/uploads\/2012\/06\/sk_pejzaz_II-148-300x199.jpg 300w\" sizes=\"(max-width: 1000px) 100vw, 1000px\" \/><figcaption class=\"blocks-gallery-item__caption\">fot. S. Kiryluk<\/figcaption><\/figure><\/li><li class=\"blocks-gallery-item\"><figure><img loading=\"lazy\" width=\"1024\" height=\"678\" src=\"https:\/\/www.akademianikona.pl\/blog\/wp-content\/uploads\/2026\/04\/pd00120460_2048px-7-1024x678.jpeg\" alt=\"pd00120460 2048px 7\" data-id=\"26842\" data-link=\"https:\/\/www.akademianikona.pl\/blog\/?attachment_id=26842\" class=\"wp-image-26842\" srcset=\"https:\/\/www.akademianikona.pl\/blog\/wp-content\/uploads\/2026\/04\/pd00120460_2048px-7-1024x678.jpeg 1024w, https:\/\/www.akademianikona.pl\/blog\/wp-content\/uploads\/2026\/04\/pd00120460_2048px-7-300x199.jpeg 300w, https:\/\/www.akademianikona.pl\/blog\/wp-content\/uploads\/2026\/04\/pd00120460_2048px-7-768x509.jpeg 768w, https:\/\/www.akademianikona.pl\/blog\/wp-content\/uploads\/2026\/04\/pd00120460_2048px-7-1536x1017.jpeg 1536w, https:\/\/www.akademianikona.pl\/blog\/wp-content\/uploads\/2026\/04\/pd00120460_2048px-7-453x300.jpeg 453w, https:\/\/www.akademianikona.pl\/blog\/wp-content\/uploads\/2026\/04\/pd00120460_2048px-7.jpeg 2048w\" sizes=\"(max-width: 1024px) 100vw, 1024px\" \/><figcaption class=\"blocks-gallery-item__caption\">fot. Pawe\u0142 Duma<\/figcaption><\/figure><\/li><li class=\"blocks-gallery-item\"><figure><img loading=\"lazy\" width=\"900\" height=\"599\" src=\"https:\/\/www.akademianikona.pl\/blog\/wp-content\/uploads\/2026\/04\/DSC_4418-1.jpg\" alt=\"DSC 4418 1\" data-id=\"26853\" data-full-url=\"https:\/\/www.akademianikona.pl\/blog\/wp-content\/uploads\/2026\/04\/DSC_4418-1.jpg\" data-link=\"https:\/\/www.akademianikona.pl\/blog\/jak-zrobic-zdjecia-pejzazowe-ktore-naprawde-zachwycaja\/dsc_4418-1\/\" class=\"wp-image-26853\" srcset=\"https:\/\/www.akademianikona.pl\/blog\/wp-content\/uploads\/2026\/04\/DSC_4418-1.jpg 900w, https:\/\/www.akademianikona.pl\/blog\/wp-content\/uploads\/2026\/04\/DSC_4418-1-300x200.jpg 300w, https:\/\/www.akademianikona.pl\/blog\/wp-content\/uploads\/2026\/04\/DSC_4418-1-768x511.jpg 768w, https:\/\/www.akademianikona.pl\/blog\/wp-content\/uploads\/2026\/04\/DSC_4418-1-451x300.jpg 451w\" sizes=\"(max-width: 900px) 100vw, 900px\" \/><figcaption class=\"blocks-gallery-item__caption\">fot. Pawe\u0142 Chara<\/figcaption><\/figure><\/li><\/ul><\/figure>\n\n\n\n<p>Fotografia krajobrazowa wydaje si\u0119 prosta \u2014 pi\u0119kne miejsce, aparat i gotowe. W praktyce jednak to w\u0142a\u015bnie pejza\u017c jest jedn\u0105 z najbardziej wymagaj\u0105cych dziedzin. Je\u015bli zastanawiacie si\u0119, jak robi\u0107 zdj\u0119cia pejza\u017cowe, kt\u00f3re przyci\u0105gaj\u0105 uwag\u0119 i wywo\u0142uj\u0105 emocje, klucz tkwi w \u015bwiadomym podej\u015bciu do \u015bwiat\u0142a, kompozycji i momentu.<\/p>\n\n\n\n<!--more-->\n\n\n\n<p><br><strong>\u015awiat\u0142o to fundament<\/strong><br>Najlepsze zdj\u0119cia powstaj\u0105 wtedy, gdy \u015bwiat\u0142o wsp\u00f3\u0142pracuje z fotografem. Z\u0142ota godzina \u2014 tu\u017c po wschodzie i przed zachodem s\u0142o\u0144ca \u2014 daje mi\u0119kkie, ciep\u0142e barwy i d\u0142ugie cienie, kt\u00f3re buduj\u0105 g\u0142\u0119bi\u0119. To w\u0142a\u015bnie wtedy krajobraz \u201e\u017cyje\u201d.<\/p>\n\n\n\n<figure class=\"wp-block-gallery columns-1 is-cropped\"><ul class=\"blocks-gallery-grid\"><li class=\"blocks-gallery-item\"><figure><img loading=\"lazy\" width=\"1024\" height=\"682\" src=\"https:\/\/www.akademianikona.pl\/blog\/wp-content\/uploads\/2026\/04\/dsc4042-3-2-1024x682.jpeg\" alt=\"dsc4042 3 2\" data-id=\"26848\" data-full-url=\"https:\/\/www.akademianikona.pl\/blog\/wp-content\/uploads\/2026\/04\/dsc4042-3-2.jpeg\" data-link=\"https:\/\/www.akademianikona.pl\/blog\/jak-zrobic-zdjecia-pejzazowe-ktore-naprawde-zachwycaja\/dsc4042-3-2\/\" class=\"wp-image-26848\" srcset=\"https:\/\/www.akademianikona.pl\/blog\/wp-content\/uploads\/2026\/04\/dsc4042-3-2-1024x682.jpeg 1024w, https:\/\/www.akademianikona.pl\/blog\/wp-content\/uploads\/2026\/04\/dsc4042-3-2-300x200.jpeg 300w, https:\/\/www.akademianikona.pl\/blog\/wp-content\/uploads\/2026\/04\/dsc4042-3-2-768x512.jpeg 768w, https:\/\/www.akademianikona.pl\/blog\/wp-content\/uploads\/2026\/04\/dsc4042-3-2-1536x1024.jpeg 1536w, https:\/\/www.akademianikona.pl\/blog\/wp-content\/uploads\/2026\/04\/dsc4042-3-2-450x300.jpeg 450w, https:\/\/www.akademianikona.pl\/blog\/wp-content\/uploads\/2026\/04\/dsc4042-3-2.jpeg 2000w\" sizes=\"(max-width: 1024px) 100vw, 1024px\" \/><figcaption class=\"blocks-gallery-item__caption\">fot. Pawe\u0142 Chara<\/figcaption><\/figure><\/li><\/ul><\/figure>\n\n\n\n<p><strong>Kompozycja buduje histori\u0119<\/strong><br>Dobre zdj\u0119cie pejza\u017cowe to nie tylko widok, ale opowie\u015b\u0107. Warto korzysta\u0107 z klasycznych zasad, takich jak tr\u00f3jpodzia\u0142 czy linie prowadz\u0105ce, kt\u00f3re kieruj\u0105 wzrok odbiorcy. Umieszczenie elementu na pierwszym planie (np. kamienia, ro\u015bliny czy \u015bcie\u017cki) nadaje zdj\u0119ciu przestrze\u0144 i kontekst.<\/p>\n\n\n\n<p><strong>Poszukiwanie plan\u00f3w i g\u0142\u0119bi<\/strong><br>Najlepsze kadry maj\u0105 co najmniej trzy plany: pierwszy, \u015brodkowy i t\u0142o. Dzi\u0119ki temu zdj\u0119cie nie jest \u201ep\u0142askie\u201d, a odbiorca ma wra\u017cenie, \u017ce mo\u017ce wej\u015b\u0107 do \u015brodka sceny.<\/p>\n\n\n\n<figure class=\"wp-block-gallery columns-1 is-cropped\"><ul class=\"blocks-gallery-grid\"><li class=\"blocks-gallery-item\"><figure><img loading=\"lazy\" width=\"1024\" height=\"682\" src=\"https:\/\/www.akademianikona.pl\/blog\/wp-content\/uploads\/2026\/04\/dsc6647-1-1024x682.jpeg\" alt=\"dsc6647 1\" data-id=\"26847\" data-full-url=\"https:\/\/www.akademianikona.pl\/blog\/wp-content\/uploads\/2026\/04\/dsc6647-1.jpeg\" data-link=\"https:\/\/www.akademianikona.pl\/blog\/jak-zrobic-zdjecia-pejzazowe-ktore-naprawde-zachwycaja\/dsc6647-1\/\" class=\"wp-image-26847\" srcset=\"https:\/\/www.akademianikona.pl\/blog\/wp-content\/uploads\/2026\/04\/dsc6647-1-1024x682.jpeg 1024w, https:\/\/www.akademianikona.pl\/blog\/wp-content\/uploads\/2026\/04\/dsc6647-1-300x200.jpeg 300w, https:\/\/www.akademianikona.pl\/blog\/wp-content\/uploads\/2026\/04\/dsc6647-1-768x511.jpeg 768w, https:\/\/www.akademianikona.pl\/blog\/wp-content\/uploads\/2026\/04\/dsc6647-1-1536x1022.jpeg 1536w, https:\/\/www.akademianikona.pl\/blog\/wp-content\/uploads\/2026\/04\/dsc6647-1-451x300.jpeg 451w, https:\/\/www.akademianikona.pl\/blog\/wp-content\/uploads\/2026\/04\/dsc6647-1.jpeg 2048w\" sizes=\"(max-width: 1024px) 100vw, 1024px\" \/><figcaption class=\"blocks-gallery-item__caption\">fot. Pawe\u0142 Chara<\/figcaption><\/figure><\/li><\/ul><\/figure>\n\n\n\n<p><strong>Cierpliwo\u015b\u0107 i moment<\/strong><br>Pejza\u017c nagradza tych, kt\u00f3rzy potrafi\u0105 czeka\u0107. Zmiana \u015bwiat\u0142a, przesuwaj\u0105ce si\u0119 chmury czy mg\u0142a mog\u0105 ca\u0142kowicie odmieni\u0107 kadr. Czasem jedno uj\u0119cie wymaga kilkunastu minut obserwacji.<\/p>\n\n\n\n<p><strong>Inspirujcie i uczcie <strong>si\u0119<\/strong><\/strong> <strong>\u015bwiadomie<\/strong><br>Fotografia krajobrazowa to po\u0142\u0105czenie techniki i emocji. To nie tylko dokumentowanie miejsca, ale interpretowanie go na w\u0142asny spos\u00f3b. Je\u015bli chcecie zg\u0142\u0119bi\u0107 temat krok po kroku, proponujemy zajrze\u0107 do <a href=\"https:\/\/www.szerokikadr.pl\/poradnik\/krok-po-kroku-jak-robic-dobre-zdjecia-pejzazowe\" target=\"_blank\" rel=\"noreferrer noopener nofollow\">poradnika na Szerokim Kadrze<\/a>, wzi\u0105\u0107 udzia\u0142 w <a href=\"https:\/\/www.akademianikona.pl\/warsztaty\/57\/fotografia-krajobrazowa\/\">warsztatach z Paw\u0142em Dum\u0105<\/a> lub rozwija\u0107 sw\u00f3j styl na <a href=\"https:\/\/www.akademianikona.pl\/masterclass\/20\/pejzaz-fotograficzny-sztuka-i-emocje-z-pawlem-chara\/\">masterclassie z Paw\u0142em Char\u0105<\/a>.<\/p>\n\n\n\n<div class=\"wp-block-an-course-banner c-banner-event\"><div class=\"c-banner-event__content\">To szkolenie jest dost\u0119pne  <strong>w 1 terminie w 1 mie\u015bcie<\/strong>.<br\/>I ty prze\u017cyj niezapomnian\u0105 fotograficzn\u0105 przygod\u0119 z\u00a0Akademi\u0105 Nikona.<\/div><div class=\"c-banner-event__btn\"><a class=\"o-btn o-btn--active\" href=\"\/warsztaty\/57\/fotografia-krajobrazowa\/\">Zapisz si\u0119<\/a><\/div><\/div>\n","protected":false},"excerpt":{"rendered":"<p>Fotografia krajobrazowa wydaje si\u0119 prosta \u2014 pi\u0119kne miejsce, aparat i gotowe. W praktyce jednak to w\u0142a\u015bnie pejza\u017c jest jedn\u0105 z najbardziej wymagaj\u0105cych dziedzin. Je\u015bli zastanawiacie si\u0119, jak robi\u0107 zdj\u0119cia pejza\u017cowe, kt\u00f3re przyci\u0105gaj\u0105 uwag\u0119 i wywo\u0142uj\u0105 emocje, klucz tkwi w \u015bwiadomym <a class=\"o-btn-more o-btn-more--blog\" href=\"https:\/\/www.akademianikona.pl\/blog\/jak-zrobic-zdjecia-pejzazowe-ktore-naprawde-zachwycaja\/\"> <span class=\"o-btn-more__text t-event-accent-color--ha-only\">Czytaj wi\u0119cej<\/span> <span class=\"o-btn-more__icon \"> <!--?xml version=\"1.0\" encoding=\"UTF-8\" standalone=\"no\"?--><svg width=\"48\" height=\"24\" viewBox=\"0 0 48 24\" xmlns=\"http:\/\/www.w3.org\/2000\/svg\"><path d=\"M36.586 18.586L41.172 14H2a2 2 0 0 1 0-4h39.172l-4.586-4.586a2 2 0 1 1 2.828-2.828l8 8c.391.39.586.902.586 1.414 0 .512-.195 1.023-.586 1.414l-8 8a2 2 0 1 1-2.828-2.828z\" class=\"show-more-right t-event-accent-color\" fill=\"none\" fill-rule=\"evenodd\"><\/path><\/svg> <\/span><\/a><\/p>\n","protected":false},"author":3,"featured_media":0,"comment_status":"open","ping_status":"open","sticky":false,"template":"","format":"standard","meta":[],"categories":[1],"tags":[],"yoast_head":"<!-- This site is optimized with the Yoast SEO plugin v18.0 - https:\/\/yoast.com\/wordpress\/plugins\/seo\/ -->\n<title>Jak zrobi\u0107 zdj\u0119cia pejza\u017cowe, kt\u00f3re naprawd\u0119 zachwycaj\u0105? - Akademia Nikona<\/title>\n<meta name=\"robots\" content=\"index, follow, max-snippet:-1, max-image-preview:large, max-video-preview:-1\" \/>\n<link rel=\"canonical\" href=\"https:\/\/www.akademianikona.pl\/blog\/jak-zrobic-zdjecia-pejzazowe-ktore-naprawde-zachwycaja\/\" \/>\n<meta property=\"og:locale\" content=\"pl_PL\" \/>\n<meta property=\"og:type\" content=\"article\" \/>\n<meta property=\"og:title\" content=\"Jak zrobi\u0107 zdj\u0119cia pejza\u017cowe, kt\u00f3re naprawd\u0119 zachwycaj\u0105? - Akademia Nikona\" \/>\n<meta property=\"og:description\" content=\"Fotografia krajobrazowa wydaje si\u0119 prosta \u2014 pi\u0119kne miejsce, aparat i gotowe. W praktyce jednak to w\u0142a\u015bnie pejza\u017c jest jedn\u0105 z najbardziej wymagaj\u0105cych dziedzin. Je\u015bli zastanawiacie si\u0119, jak robi\u0107 zdj\u0119cia pejza\u017cowe, kt\u00f3re przyci\u0105gaj\u0105 uwag\u0119 i wywo\u0142uj\u0105 emocje, klucz tkwi w \u015bwiadomym Czytaj wi\u0119cej\" \/>\n<meta property=\"og:url\" content=\"https:\/\/www.akademianikona.pl\/blog\/jak-zrobic-zdjecia-pejzazowe-ktore-naprawde-zachwycaja\/\" \/>\n<meta property=\"og:site_name\" content=\"Akademia Nikona\" \/>\n<meta property=\"article:author\" content=\"https:\/\/www.facebook.com\/akademianikona\" \/>\n<meta property=\"article:published_time\" content=\"2026-04-24T10:00:00+00:00\" \/>\n<meta property=\"article:modified_time\" content=\"2026-04-28T11:45:03+00:00\" \/>\n<meta property=\"og:image\" content=\"http:\/\/www.akademianikona.pl\/blog\/wp-content\/uploads\/2012\/06\/sk_pejzaz_II-145.jpg\" \/>\n<meta name=\"twitter:card\" content=\"summary_large_image\" \/>\n<meta name=\"twitter:creator\" content=\"@nikonpolska\" \/>\n<meta name=\"twitter:label1\" content=\"Napisane przez\" \/>\n\t<meta name=\"twitter:data1\" content=\"S\u0142awomir Kiryluk\" \/>\n\t<meta name=\"twitter:label2\" content=\"Szacowany czas czytania\" \/>\n\t<meta name=\"twitter:data2\" content=\"4 minuty\" \/>\n<script type=\"application\/ld+json\" class=\"yoast-schema-graph\">{\"@context\":\"https:\/\/schema.org\",\"@graph\":[{\"@type\":\"WebSite\",\"@id\":\"https:\/\/www.akademianikona.pl\/blog\/#website\",\"url\":\"https:\/\/www.akademianikona.pl\/blog\/\",\"name\":\"Akademia Nikona\",\"description\":\"Blog fotograficzny Nikona - fotografia artystyczna\",\"potentialAction\":[{\"@type\":\"SearchAction\",\"target\":{\"@type\":\"EntryPoint\",\"urlTemplate\":\"https:\/\/www.akademianikona.pl\/blog\/?s={search_term_string}\"},\"query-input\":\"required name=search_term_string\"}],\"inLanguage\":\"pl-PL\"},{\"@type\":\"ImageObject\",\"@id\":\"https:\/\/www.akademianikona.pl\/blog\/jak-zrobic-zdjecia-pejzazowe-ktore-naprawde-zachwycaja\/#primaryimage\",\"inLanguage\":\"pl-PL\",\"url\":\"http:\/\/www.akademianikona.pl\/blog\/wp-content\/uploads\/2012\/06\/sk_pejzaz_II-145.jpg\",\"contentUrl\":\"http:\/\/www.akademianikona.pl\/blog\/wp-content\/uploads\/2012\/06\/sk_pejzaz_II-145.jpg\"},{\"@type\":\"WebPage\",\"@id\":\"https:\/\/www.akademianikona.pl\/blog\/jak-zrobic-zdjecia-pejzazowe-ktore-naprawde-zachwycaja\/#webpage\",\"url\":\"https:\/\/www.akademianikona.pl\/blog\/jak-zrobic-zdjecia-pejzazowe-ktore-naprawde-zachwycaja\/\",\"name\":\"Jak zrobi\u0107 zdj\u0119cia pejza\u017cowe, kt\u00f3re naprawd\u0119 zachwycaj\u0105? - Akademia Nikona\",\"isPartOf\":{\"@id\":\"https:\/\/www.akademianikona.pl\/blog\/#website\"},\"primaryImageOfPage\":{\"@id\":\"https:\/\/www.akademianikona.pl\/blog\/jak-zrobic-zdjecia-pejzazowe-ktore-naprawde-zachwycaja\/#primaryimage\"},\"datePublished\":\"2026-04-24T10:00:00+00:00\",\"dateModified\":\"2026-04-28T11:45:03+00:00\",\"author\":{\"@id\":\"https:\/\/www.akademianikona.pl\/blog\/#\/schema\/person\/d5d760b4a1431e85e2e7d4a217460acf\"},\"breadcrumb\":{\"@id\":\"https:\/\/www.akademianikona.pl\/blog\/jak-zrobic-zdjecia-pejzazowe-ktore-naprawde-zachwycaja\/#breadcrumb\"},\"inLanguage\":\"pl-PL\",\"potentialAction\":[{\"@type\":\"ReadAction\",\"target\":[\"https:\/\/www.akademianikona.pl\/blog\/jak-zrobic-zdjecia-pejzazowe-ktore-naprawde-zachwycaja\/\"]}]},{\"@type\":\"BreadcrumbList\",\"@id\":\"https:\/\/www.akademianikona.pl\/blog\/jak-zrobic-zdjecia-pejzazowe-ktore-naprawde-zachwycaja\/#breadcrumb\",\"itemListElement\":[{\"@type\":\"ListItem\",\"position\":1,\"name\":\"Strona g\u0142\u00f3wna\",\"item\":\"https:\/\/www.akademianikona.pl\/blog\/\"},{\"@type\":\"ListItem\",\"position\":2,\"name\":\"Jak zrobi\u0107 zdj\u0119cia pejza\u017cowe, kt\u00f3re naprawd\u0119 zachwycaj\u0105?\"}]},{\"@type\":\"Person\",\"@id\":\"https:\/\/www.akademianikona.pl\/blog\/#\/schema\/person\/d5d760b4a1431e85e2e7d4a217460acf\",\"name\":\"S\u0142awomir Kiryluk\",\"image\":{\"@type\":\"ImageObject\",\"@id\":\"https:\/\/www.akademianikona.pl\/blog\/#personlogo\",\"inLanguage\":\"pl-PL\",\"url\":\"https:\/\/www.akademianikona.pl\/blog\/wp-content\/uploads\/2025\/09\/slawomir-kiryluk_avatar-96x96.jpg\",\"contentUrl\":\"https:\/\/www.akademianikona.pl\/blog\/wp-content\/uploads\/2025\/09\/slawomir-kiryluk_avatar-96x96.jpg\",\"caption\":\"S\u0142awomir Kiryluk\"},\"description\":\"S\u0142awomir Kiryluk pasjonat fotografii, kt\u00f3ry w swoich tekstach \u0142\u0105czy techniczne zrozumienie z czu\u0142ym spojrzeniem na \u015bwiat obrazu. Inspiruj\u0105c si\u0119 warsztatami Akademii Nikona, opowiada o pi\u0119knie \u015bwiat\u0142a, emocjach skrywanych w krajobrazach i z pozoru zwyk\u0142ych detalach. Jego wpisy zach\u0119caj\u0105 do zatrzymania si\u0119, odkrycia magii codzienno\u015bci i \u015bwiadomego fotografowania \u2013 tak, aby ka\u017cde zdj\u0119cie mia\u0142o histori\u0119, kt\u00f3ra porusza.\",\"sameAs\":[\"https:\/\/www.facebook.com\/akademianikona\",\"https:\/\/twitter.com\/nikonpolska\",\"https:\/\/www.youtube.com\/channel\/UCNVN0zdvdXaf4t9lulr4Aqg\"],\"url\":\"https:\/\/www.akademianikona.pl\/blog\/author\/kiryluk\/\"}]}<\/script>\n<!-- \/ Yoast SEO plugin. -->","yoast_head_json":{"title":"Jak zrobi\u0107 zdj\u0119cia pejza\u017cowe, kt\u00f3re naprawd\u0119 zachwycaj\u0105? - Akademia Nikona","robots":{"index":"index","follow":"follow","max-snippet":"max-snippet:-1","max-image-preview":"max-image-preview:large","max-video-preview":"max-video-preview:-1"},"canonical":"https:\/\/www.akademianikona.pl\/blog\/jak-zrobic-zdjecia-pejzazowe-ktore-naprawde-zachwycaja\/","og_locale":"pl_PL","og_type":"article","og_title":"Jak zrobi\u0107 zdj\u0119cia pejza\u017cowe, kt\u00f3re naprawd\u0119 zachwycaj\u0105? - Akademia Nikona","og_description":"Fotografia krajobrazowa wydaje si\u0119 prosta \u2014 pi\u0119kne miejsce, aparat i gotowe. W praktyce jednak to w\u0142a\u015bnie pejza\u017c jest jedn\u0105 z najbardziej wymagaj\u0105cych dziedzin. Je\u015bli zastanawiacie si\u0119, jak robi\u0107 zdj\u0119cia pejza\u017cowe, kt\u00f3re przyci\u0105gaj\u0105 uwag\u0119 i wywo\u0142uj\u0105 emocje, klucz tkwi w \u015bwiadomym Czytaj wi\u0119cej","og_url":"https:\/\/www.akademianikona.pl\/blog\/jak-zrobic-zdjecia-pejzazowe-ktore-naprawde-zachwycaja\/","og_site_name":"Akademia Nikona","article_author":"https:\/\/www.facebook.com\/akademianikona","article_published_time":"2026-04-24T10:00:00+00:00","article_modified_time":"2026-04-28T11:45:03+00:00","og_image":[{"url":"http:\/\/www.akademianikona.pl\/blog\/wp-content\/uploads\/2012\/06\/sk_pejzaz_II-145.jpg"}],"twitter_card":"summary_large_image","twitter_creator":"@nikonpolska","twitter_misc":{"Napisane przez":"S\u0142awomir Kiryluk","Szacowany czas czytania":"4 minuty"},"schema":{"@context":"https:\/\/schema.org","@graph":[{"@type":"WebSite","@id":"https:\/\/www.akademianikona.pl\/blog\/#website","url":"https:\/\/www.akademianikona.pl\/blog\/","name":"Akademia Nikona","description":"Blog fotograficzny Nikona - fotografia artystyczna","potentialAction":[{"@type":"SearchAction","target":{"@type":"EntryPoint","urlTemplate":"https:\/\/www.akademianikona.pl\/blog\/?s={search_term_string}"},"query-input":"required name=search_term_string"}],"inLanguage":"pl-PL"},{"@type":"ImageObject","@id":"https:\/\/www.akademianikona.pl\/blog\/jak-zrobic-zdjecia-pejzazowe-ktore-naprawde-zachwycaja\/#primaryimage","inLanguage":"pl-PL","url":"http:\/\/www.akademianikona.pl\/blog\/wp-content\/uploads\/2012\/06\/sk_pejzaz_II-145.jpg","contentUrl":"http:\/\/www.akademianikona.pl\/blog\/wp-content\/uploads\/2012\/06\/sk_pejzaz_II-145.jpg"},{"@type":"WebPage","@id":"https:\/\/www.akademianikona.pl\/blog\/jak-zrobic-zdjecia-pejzazowe-ktore-naprawde-zachwycaja\/#webpage","url":"https:\/\/www.akademianikona.pl\/blog\/jak-zrobic-zdjecia-pejzazowe-ktore-naprawde-zachwycaja\/","name":"Jak zrobi\u0107 zdj\u0119cia pejza\u017cowe, kt\u00f3re naprawd\u0119 zachwycaj\u0105? - Akademia Nikona","isPartOf":{"@id":"https:\/\/www.akademianikona.pl\/blog\/#website"},"primaryImageOfPage":{"@id":"https:\/\/www.akademianikona.pl\/blog\/jak-zrobic-zdjecia-pejzazowe-ktore-naprawde-zachwycaja\/#primaryimage"},"datePublished":"2026-04-24T10:00:00+00:00","dateModified":"2026-04-28T11:45:03+00:00","author":{"@id":"https:\/\/www.akademianikona.pl\/blog\/#\/schema\/person\/d5d760b4a1431e85e2e7d4a217460acf"},"breadcrumb":{"@id":"https:\/\/www.akademianikona.pl\/blog\/jak-zrobic-zdjecia-pejzazowe-ktore-naprawde-zachwycaja\/#breadcrumb"},"inLanguage":"pl-PL","potentialAction":[{"@type":"ReadAction","target":["https:\/\/www.akademianikona.pl\/blog\/jak-zrobic-zdjecia-pejzazowe-ktore-naprawde-zachwycaja\/"]}]},{"@type":"BreadcrumbList","@id":"https:\/\/www.akademianikona.pl\/blog\/jak-zrobic-zdjecia-pejzazowe-ktore-naprawde-zachwycaja\/#breadcrumb","itemListElement":[{"@type":"ListItem","position":1,"name":"Strona g\u0142\u00f3wna","item":"https:\/\/www.akademianikona.pl\/blog\/"},{"@type":"ListItem","position":2,"name":"Jak zrobi\u0107 zdj\u0119cia pejza\u017cowe, kt\u00f3re naprawd\u0119 zachwycaj\u0105?"}]},{"@type":"Person","@id":"https:\/\/www.akademianikona.pl\/blog\/#\/schema\/person\/d5d760b4a1431e85e2e7d4a217460acf","name":"S\u0142awomir Kiryluk","image":{"@type":"ImageObject","@id":"https:\/\/www.akademianikona.pl\/blog\/#personlogo","inLanguage":"pl-PL","url":"https:\/\/www.akademianikona.pl\/blog\/wp-content\/uploads\/2025\/09\/slawomir-kiryluk_avatar-96x96.jpg","contentUrl":"https:\/\/www.akademianikona.pl\/blog\/wp-content\/uploads\/2025\/09\/slawomir-kiryluk_avatar-96x96.jpg","caption":"S\u0142awomir Kiryluk"},"description":"S\u0142awomir Kiryluk pasjonat fotografii, kt\u00f3ry w swoich tekstach \u0142\u0105czy techniczne zrozumienie z czu\u0142ym spojrzeniem na \u015bwiat obrazu. Inspiruj\u0105c si\u0119 warsztatami Akademii Nikona, opowiada o pi\u0119knie \u015bwiat\u0142a, emocjach skrywanych w krajobrazach i z pozoru zwyk\u0142ych detalach. Jego wpisy zach\u0119caj\u0105 do zatrzymania si\u0119, odkrycia magii codzienno\u015bci i \u015bwiadomego fotografowania \u2013 tak, aby ka\u017cde zdj\u0119cie mia\u0142o histori\u0119, kt\u00f3ra porusza.","sameAs":["https:\/\/www.facebook.com\/akademianikona","https:\/\/twitter.com\/nikonpolska","https:\/\/www.youtube.com\/channel\/UCNVN0zdvdXaf4t9lulr4Aqg"],"url":"https:\/\/www.akademianikona.pl\/blog\/author\/kiryluk\/"}]}},"_links":{"self":[{"href":"https:\/\/www.akademianikona.pl\/blog\/wp-json\/wp\/v2\/posts\/26839"}],"collection":[{"href":"https:\/\/www.akademianikona.pl\/blog\/wp-json\/wp\/v2\/posts"}],"about":[{"href":"https:\/\/www.akademianikona.pl\/blog\/wp-json\/wp\/v2\/types\/post"}],"author":[{"embeddable":true,"href":"https:\/\/www.akademianikona.pl\/blog\/wp-json\/wp\/v2\/users\/3"}],"replies":[{"embeddable":true,"href":"https:\/\/www.akademianikona.pl\/blog\/wp-json\/wp\/v2\/comments?post=26839"}],"version-history":[{"count":6,"href":"https:\/\/www.akademianikona.pl\/blog\/wp-json\/wp\/v2\/posts\/26839\/revisions"}],"predecessor-version":[{"id":26854,"href":"https:\/\/www.akademianikona.pl\/blog\/wp-json\/wp\/v2\/posts\/26839\/revisions\/26854"}],"wp:attachment":[{"href":"https:\/\/www.akademianikona.pl\/blog\/wp-json\/wp\/v2\/media?parent=26839"}],"wp:term":[{"taxonomy":"category","embeddable":true,"href":"https:\/\/www.akademianikona.pl\/blog\/wp-json\/wp\/v2\/categories?post=26839"},{"taxonomy":"post_tag","embeddable":true,"href":"https:\/\/www.akademianikona.pl\/blog\/wp-json\/wp\/v2\/tags?post=26839"}],"curies":[{"name":"wp","href":"https:\/\/api.w.org\/{rel}","templated":true}]}}