{"id":7529,"date":"2012-03-27T13:29:17","date_gmt":"2012-03-27T11:29:17","guid":{"rendered":"http:\/\/www.akademianikona.pl\/blog\/?p=7529"},"modified":"2025-06-11T20:53:17","modified_gmt":"2025-06-11T18:53:17","slug":"fotoekspedycja-do-nepalu-2012-relacja-jacka-koniecznego","status":"publish","type":"post","link":"https:\/\/www.akademianikona.pl\/blog\/fotoekspedycja-do-nepalu-2012-relacja-jacka-koniecznego\/","title":{"rendered":"Fotoekspedycja do Nepalu 2012 &#8211; relacje uczestnik\u00f3w &#8211; relacja Jacka Koniecznego"},"content":{"rendered":"<div id=\"attachment_7531\" style=\"width: 550px\" class=\"wp-caption aligncenter\"><a href=\"https:\/\/www.akademianikona.pl\/blog\/wp-content\/uploads\/2012\/03\/JK_Nepal2012_-1.jpg\"><img aria-describedby=\"caption-attachment-7531\" loading=\"lazy\" class=\"size-full wp-image-7531 \" src=\"https:\/\/www.akademianikona.pl\/blog\/wp-content\/uploads\/2012\/03\/JK_Nepal2012_-1.jpg\" alt=\"\" width=\"540\" height=\"358\" srcset=\"https:\/\/www.akademianikona.pl\/blog\/wp-content\/uploads\/2012\/03\/JK_Nepal2012_-1.jpg 900w, https:\/\/www.akademianikona.pl\/blog\/wp-content\/uploads\/2012\/03\/JK_Nepal2012_-1-300x198.jpg 300w\" sizes=\"(max-width: 540px) 100vw, 540px\" \/><\/a><p id=\"caption-attachment-7531\" class=\"wp-caption-text\">fot. Jacek Konieczny<\/p><\/div>\n<p>Najpro\u015bciej jest napisa\u0107, \u017ce by\u0142o zjawiskowo. Ale to bana\u0142 i komuna\u0142, kt\u00f3ry znale\u017a\u0107 mo\u017cna w relacji z ka\u017cdej promocji kremu na p\u0119kaj\u0105ce pi\u0119ty czy z wyst\u0119pu orkiestry d\u0119tej przez ochotnicz\u0105 stra\u017c po\u017carn\u0105 w G\u0142uchej Dolnej. U nas by\u0142o inaczej, u nas by\u0142o\u2026 No w\u0142a\u015bnie, jak w jednej zgrabnej frazie zawrze\u0107 ca\u0142y \u0142adunek emocjonalny towarzysz\u0105cy temu, w czym p\u0142awili\u015bmy si\u0119 przez tych kilkana\u015bcie dni?<!--more--><\/p>\n<p>Taak, u nas by\u0142o jak\u2026 u Bu\u0142hakowa.<\/p>\n<div id=\"attachment_7535\" style=\"width: 550px\" class=\"wp-caption aligncenter\"><a href=\"https:\/\/www.akademianikona.pl\/blog\/wp-content\/uploads\/2012\/03\/JK_Nepal2012_-2.jpg\"><img aria-describedby=\"caption-attachment-7535\" loading=\"lazy\" class=\"size-full wp-image-7535 \" src=\"https:\/\/www.akademianikona.pl\/blog\/wp-content\/uploads\/2012\/03\/JK_Nepal2012_-2.jpg\" alt=\"\" width=\"540\" height=\"358\" srcset=\"https:\/\/www.akademianikona.pl\/blog\/wp-content\/uploads\/2012\/03\/JK_Nepal2012_-2.jpg 900w, https:\/\/www.akademianikona.pl\/blog\/wp-content\/uploads\/2012\/03\/JK_Nepal2012_-2-300x198.jpg 300w\" sizes=\"(max-width: 540px) 100vw, 540px\" \/><\/a><p id=\"caption-attachment-7535\" class=\"wp-caption-text\">fot. Jacek Konieczny<\/p><\/div>\n<p>By\u0142 Mistrz i by\u0142a Ma\u0142gorzata. Zacz\u0119li\u015bmy, co prawda, nasz\u0105 przygod\u0119 nie na Patriarszych Prudach, tylko na lotnisku im. F. Chopina, ale po natarciu si\u0119 odrobin\u0105 tajemniczej ma\u015bci (sprzedawanej w kszta\u0142tnych flakonach w wolnoc\u0142owych Baltonach\u2026) polecieli\u015bmy na airbusowej miotle przez jurty i Frankfurty, przez wiochy i Dohy, a\u017c do raju w Nepalu, wprost do \u201eteatru Vari\u00e9t\u00e9s\u201d\u2026<\/p>\n<div id=\"attachment_7536\" style=\"width: 550px\" class=\"wp-caption aligncenter\"><a href=\"https:\/\/www.akademianikona.pl\/blog\/wp-content\/uploads\/2012\/03\/JK_Nepal2012_-3.jpg\"><img aria-describedby=\"caption-attachment-7536\" loading=\"lazy\" class=\"size-full wp-image-7536 \" src=\"https:\/\/www.akademianikona.pl\/blog\/wp-content\/uploads\/2012\/03\/JK_Nepal2012_-3.jpg\" alt=\"\" width=\"540\" height=\"358\" srcset=\"https:\/\/www.akademianikona.pl\/blog\/wp-content\/uploads\/2012\/03\/JK_Nepal2012_-3.jpg 900w, https:\/\/www.akademianikona.pl\/blog\/wp-content\/uploads\/2012\/03\/JK_Nepal2012_-3-300x199.jpg 300w\" sizes=\"(max-width: 540px) 100vw, 540px\" \/><\/a><p id=\"caption-attachment-7536\" class=\"wp-caption-text\">fot. Jacek Konieczny<\/p><\/div>\n<p>A tam powi\u00f3d\u0142 nas Mistrz (Tomasz Tomaszewski), w asy\u015bcie niezwyk\u0142ego Behemota (Miko\u0142aja Je\u017caka z InDreams) w zakl\u0119te rewiry Katmandu\u2026 A jako \u017ce by\u0142 to dzie\u0144 tajemniczego \u015bwi\u0119ta Holi, gdy kolorowe pudry i stubarwne szpryce lej\u0105 si\u0119 obficie na g\u0142owy mimowolnych \u015bwiadk\u00f3w, rych\u0142o przybrali\u015bmy, niczym kameleony, barwy otoczenia. Rozedrgani w spazmatycznych, tanecznych konwulsjach stali\u015bmy si\u0119 gwiazdami lokalnego \u201eKantipur Radio &amp; TV\u201d.<\/p>\n<div id=\"attachment_7538\" style=\"width: 550px\" class=\"wp-caption aligncenter\"><a href=\"https:\/\/www.akademianikona.pl\/blog\/wp-content\/uploads\/2012\/03\/JK_Nepal2012_-4.jpg\"><img aria-describedby=\"caption-attachment-7538\" loading=\"lazy\" class=\"size-full wp-image-7538 \" src=\"https:\/\/www.akademianikona.pl\/blog\/wp-content\/uploads\/2012\/03\/JK_Nepal2012_-4.jpg\" alt=\"\" width=\"540\" height=\"358\" srcset=\"https:\/\/www.akademianikona.pl\/blog\/wp-content\/uploads\/2012\/03\/JK_Nepal2012_-4.jpg 900w, https:\/\/www.akademianikona.pl\/blog\/wp-content\/uploads\/2012\/03\/JK_Nepal2012_-4-300x198.jpg 300w\" sizes=\"(max-width: 540px) 100vw, 540px\" \/><\/a><p id=\"caption-attachment-7538\" class=\"wp-caption-text\">fot. Jacek Konieczny<\/p><\/div>\n<p>Peregrynowali\u015bmy przez zau\u0142ki Bhaktapuru, Patanu i Pa\u015bupatinath, poznaj\u0105c tajemnice buddyjskich i hinduistycznych \u015bwi\u0105ty\u0144, rzemie\u015blniczych warsztat\u00f3w, dormitori\u00f3w d\u0142ugow\u0142osych ascet\u00f3w Sadhu, nadrzecznych stos\u00f3w pogrzebowych\u2026<\/p>\n<div id=\"attachment_7539\" style=\"width: 550px\" class=\"wp-caption aligncenter\"><a href=\"https:\/\/www.akademianikona.pl\/blog\/wp-content\/uploads\/2012\/03\/JK_Nepal2012_-5.jpg\"><img aria-describedby=\"caption-attachment-7539\" loading=\"lazy\" class=\"size-full wp-image-7539 \" src=\"https:\/\/www.akademianikona.pl\/blog\/wp-content\/uploads\/2012\/03\/JK_Nepal2012_-5.jpg\" alt=\"\" width=\"540\" height=\"358\" srcset=\"https:\/\/www.akademianikona.pl\/blog\/wp-content\/uploads\/2012\/03\/JK_Nepal2012_-5.jpg 900w, https:\/\/www.akademianikona.pl\/blog\/wp-content\/uploads\/2012\/03\/JK_Nepal2012_-5-300x199.jpg 300w\" sizes=\"(max-width: 540px) 100vw, 540px\" \/><\/a><p id=\"caption-attachment-7539\" class=\"wp-caption-text\">fot. Jacek Konieczny<\/p><\/div>\n<p>Niczym zbiorowy Lichodiejew zostali\u015bmy moc\u0105 cherlawej awionetki nadprzyrodzenie przeniesieni do Pokhary, tej nepalskiej Ja\u0142ty. A stamt\u0105d szlak wi\u00f3d\u0142 ju\u017c tylko wy\u017cej i wy\u017cej, miarowo odmierzany tupotem naszych kamaszy wygodnych i migawek zawrotnych, przez wioski urokliwe i ska\u0142y odb\u0142yskliwe, przez lasy rododendronowe i w\u0142ochat\u0105 krow\u0119\u2026<\/p>\n<p>A Ma\u0142gorzata, jako ta nimfa i muza, w\u015br\u00f3d nas lewituj\u0105c, w\u0142os\u00f3w swych bia\u0142ym kosmykiem chmur woal w zak\u0142opotanie wprawia\u0142a\u2026<\/p>\n<div id=\"attachment_7544\" style=\"width: 550px\" class=\"wp-caption aligncenter\"><a href=\"https:\/\/www.akademianikona.pl\/blog\/wp-content\/uploads\/2012\/03\/JK_Nepal2012_-6.jpg\"><img aria-describedby=\"caption-attachment-7544\" loading=\"lazy\" class=\"size-full wp-image-7544 \" src=\"https:\/\/www.akademianikona.pl\/blog\/wp-content\/uploads\/2012\/03\/JK_Nepal2012_-6.jpg\" alt=\"\" width=\"540\" height=\"358\" srcset=\"https:\/\/www.akademianikona.pl\/blog\/wp-content\/uploads\/2012\/03\/JK_Nepal2012_-6.jpg 900w, https:\/\/www.akademianikona.pl\/blog\/wp-content\/uploads\/2012\/03\/JK_Nepal2012_-6-300x198.jpg 300w\" sizes=\"(max-width: 540px) 100vw, 540px\" \/><\/a><p id=\"caption-attachment-7544\" class=\"wp-caption-text\">fot. Jacek Konieczny<\/p><\/div>\n<p>Jomsom. Dolina Mustangu. Mi\u0119dzy Annapurn\u0105 i Dhaulagiri, dwoma o\u015bmiotysi\u0119cznikami, kolejnego aktu naszej opowie\u015bci scena zawieszona &#8211; monumentalna scenografia ascetycznie patetyczna, nieziemska, wyolbrzymiona. Rogatymi jakami napi\u0119tnowana, pomarszczonymi twarzami uciele\u015bniona, nielicznymi wioskami urozmaicona, s\u0119p\u00f3w cieniami \u201ememento\u201d kracz\u0105ca\u2026<\/p>\n<div id=\"attachment_7545\" style=\"width: 550px\" class=\"wp-caption aligncenter\"><a href=\"https:\/\/www.akademianikona.pl\/blog\/wp-content\/uploads\/2012\/03\/JK_Nepal2012_-7.jpg\"><img aria-describedby=\"caption-attachment-7545\" loading=\"lazy\" class=\"size-full wp-image-7545  \" src=\"https:\/\/www.akademianikona.pl\/blog\/wp-content\/uploads\/2012\/03\/JK_Nepal2012_-7.jpg\" alt=\"\" width=\"540\" height=\"815\" srcset=\"https:\/\/www.akademianikona.pl\/blog\/wp-content\/uploads\/2012\/03\/JK_Nepal2012_-7.jpg 900w, https:\/\/www.akademianikona.pl\/blog\/wp-content\/uploads\/2012\/03\/JK_Nepal2012_-7-198x300.jpg 198w, https:\/\/www.akademianikona.pl\/blog\/wp-content\/uploads\/2012\/03\/JK_Nepal2012_-7-678x1024.jpg 678w\" sizes=\"(max-width: 540px) 100vw, 540px\" \/><\/a><p id=\"caption-attachment-7545\" class=\"wp-caption-text\">fot. Jacek Konieczny<\/p><\/div>\n<p>Czy to przez brak tlenu (wszak to ju\u017c 3800 m n.p.m by\u0142o\u2026), czy to przez Wolanda czary po dw\u00f3ch dniach chcieli\u015bmy jednak wr\u00f3ci\u0107 do Pokhary. A tam w hotelu na jeziora wyspie, w\u015br\u00f3d kwiat\u00f3w powodzi, z hamakiem i le\u017cakiem nad basenu brzegiem, z krochmalonym kelnerem co drinkiem przybywa, dali\u015bmy si\u0119 ponie\u015b\u0107 opowie\u015bciom Mistrza. O tych wielkich&nbsp; \u201eklatkach\u201d, ich tw\u00f3rcach znakomitych, kt\u00f3rzy dla nas jedynie has\u0142em w Wikipedii pozostaj\u0105, a dla Niego \u2013 kolegami, znajomymi, przyjaci\u00f3\u0142mi nierzadko. By\u0142o o czynach chwalebnych i zwyk\u0142ej pod\u0142o\u015bci, o historii, o sztuce, filozofii wreszcie\u2026<\/p>\n<p>A Ma\u0142gorzata, jako ta nimfa i muza, w\u015br\u00f3d nas lewituj\u0105c, opowie\u015b\u0107 sw\u0105 o igraszkach ze Z\u0142ym Czerwonym b\u0142yskotliwie snu\u0142a\u2026<\/p>\n<div id=\"attachment_7551\" style=\"width: 550px\" class=\"wp-caption aligncenter\"><a href=\"https:\/\/www.akademianikona.pl\/blog\/wp-content\/uploads\/2012\/04\/JK_Nepal2012_-8.jpg\"><img aria-describedby=\"caption-attachment-7551\" loading=\"lazy\" class=\"size-full wp-image-7551 \" title=\"JK_Nepal2012_-8\" src=\"https:\/\/www.akademianikona.pl\/blog\/wp-content\/uploads\/2012\/04\/JK_Nepal2012_-8.jpg\" alt=\"\" width=\"540\" height=\"358\" srcset=\"https:\/\/www.akademianikona.pl\/blog\/wp-content\/uploads\/2012\/04\/JK_Nepal2012_-8.jpg 900w, https:\/\/www.akademianikona.pl\/blog\/wp-content\/uploads\/2012\/04\/JK_Nepal2012_-8-300x198.jpg 300w\" sizes=\"(max-width: 540px) 100vw, 540px\" \/><\/a><p id=\"caption-attachment-7551\" class=\"wp-caption-text\">fot. Jacek Konieczny<\/p><\/div>\n<p>Przez ca\u0142y ten czas InDreamowy Behemot, \u015bwit\u0105 czerniawych, szerpa\u0144skich pomocnik\u00f3w otoczony, dwoi\u0142 si\u0119 lub czworzy\u0142, by kaprysy spe\u0142nia\u0107, by zgadywa\u0107 \u017cyczenia przed ich za\u017cyczeniem, by kamyki usuwa\u0107 i p\u0142atki rozsypa\u0107, by termofory zagrzewa\u0107, podniebienia pie\u015bci\u0107\u2026<\/p>\n<div id=\"attachment_7553\" style=\"width: 550px\" class=\"wp-caption aligncenter\"><a href=\"https:\/\/www.akademianikona.pl\/blog\/wp-content\/uploads\/2012\/04\/JK_Nepal2012_-9.jpg\"><img aria-describedby=\"caption-attachment-7553\" loading=\"lazy\" class=\"size-full wp-image-7553 \" src=\"https:\/\/www.akademianikona.pl\/blog\/wp-content\/uploads\/2012\/04\/JK_Nepal2012_-9.jpg\" alt=\"\" width=\"540\" height=\"358\" srcset=\"https:\/\/www.akademianikona.pl\/blog\/wp-content\/uploads\/2012\/04\/JK_Nepal2012_-9.jpg 900w, https:\/\/www.akademianikona.pl\/blog\/wp-content\/uploads\/2012\/04\/JK_Nepal2012_-9-300x198.jpg 300w\" sizes=\"(max-width: 540px) 100vw, 540px\" \/><\/a><p id=\"caption-attachment-7553\" class=\"wp-caption-text\">fot. Jacek Konieczny<\/p><\/div>\n<p>I tak nas tym omami\u0142, tak oderwa\u0142 od \u015bwiata tego niedoskona\u0142o\u015bci, \u017ce skupiali\u015bmy si\u0119 ju\u017c tylko na przenoszeniu chwil tych do wieczno\u015bci. I co krok niemal\u017ce, z magicznym szkie\u0142kiem przy oku, wycinali\u015bmy fragmencik rzeczywisto\u015bci i zazdro\u015bnie chowali\u015bmy w gigabajt\u00f3w lochu.<\/p>\n<div id=\"attachment_7555\" style=\"width: 550px\" class=\"wp-caption aligncenter\"><a href=\"https:\/\/www.akademianikona.pl\/blog\/wp-content\/uploads\/2012\/04\/JK_Nepal2012_-10.jpg\"><img aria-describedby=\"caption-attachment-7555\" loading=\"lazy\" class=\"size-full wp-image-7555 \" src=\"https:\/\/www.akademianikona.pl\/blog\/wp-content\/uploads\/2012\/04\/JK_Nepal2012_-10.jpg\" alt=\"\" width=\"540\" height=\"358\" srcset=\"https:\/\/www.akademianikona.pl\/blog\/wp-content\/uploads\/2012\/04\/JK_Nepal2012_-10.jpg 900w, https:\/\/www.akademianikona.pl\/blog\/wp-content\/uploads\/2012\/04\/JK_Nepal2012_-10-300x198.jpg 300w\" sizes=\"(max-width: 540px) 100vw, 540px\" \/><\/a><p id=\"caption-attachment-7555\" class=\"wp-caption-text\">fot. Jacek Konieczny<\/p><\/div>\n<div id=\"attachment_7557\" style=\"width: 550px\" class=\"wp-caption aligncenter\"><a href=\"https:\/\/www.akademianikona.pl\/blog\/wp-content\/uploads\/2012\/04\/JK_Nepal2012_-11.jpg\"><img aria-describedby=\"caption-attachment-7557\" loading=\"lazy\" class=\"size-full wp-image-7557 \" src=\"https:\/\/www.akademianikona.pl\/blog\/wp-content\/uploads\/2012\/04\/JK_Nepal2012_-11.jpg\" alt=\"\" width=\"540\" height=\"358\" srcset=\"https:\/\/www.akademianikona.pl\/blog\/wp-content\/uploads\/2012\/04\/JK_Nepal2012_-11.jpg 900w, https:\/\/www.akademianikona.pl\/blog\/wp-content\/uploads\/2012\/04\/JK_Nepal2012_-11-300x199.jpg 300w\" sizes=\"(max-width: 540px) 100vw, 540px\" \/><\/a><p id=\"caption-attachment-7557\" class=\"wp-caption-text\">fot. Jacek Konieczny<\/p><\/div>\n<p>Wieczorami natomiast Mistrz sam, zasiadaj\u0105c przed t\u0142umkiem wpatrzonym, pisa\u0142 w g\u0142owach naszych fotografii Ksi\u0119g\u0119. I zape\u0142nia\u0142 jej karty tym, co najm\u0105drzejsze, co przepisem skutecznym, co wskazaniem drogi, co sztuk\u0105 prawdziw\u0105, a co sztuczk\u0105 ledwie\u2026 I Ksi\u0119g\u0119 t\u0119 bogato ilustrowa\u0142 tym, co sam stworzy\u0142, a co \u015awiat tak bardzo sobie upodoba\u0142\u2026<\/p>\n<div id=\"attachment_7558\" style=\"width: 550px\" class=\"wp-caption aligncenter\"><a href=\"https:\/\/www.akademianikona.pl\/blog\/wp-content\/uploads\/2012\/04\/JK_Nepal2012_-12.jpg\"><img aria-describedby=\"caption-attachment-7558\" loading=\"lazy\" class=\"size-full wp-image-7558 \" src=\"https:\/\/www.akademianikona.pl\/blog\/wp-content\/uploads\/2012\/04\/JK_Nepal2012_-12.jpg\" alt=\"\" width=\"540\" height=\"358\" srcset=\"https:\/\/www.akademianikona.pl\/blog\/wp-content\/uploads\/2012\/04\/JK_Nepal2012_-12.jpg 900w, https:\/\/www.akademianikona.pl\/blog\/wp-content\/uploads\/2012\/04\/JK_Nepal2012_-12-300x198.jpg 300w\" sizes=\"(max-width: 540px) 100vw, 540px\" \/><\/a><p id=\"caption-attachment-7558\" class=\"wp-caption-text\">fot. Jacek Konieczny<\/p><\/div>\n<p>Wr\u00f3ci\u0142em nape\u0142niony i zaopatrzony. Intelektualnie ukontentowany i wreszcie do syta napstrykany! I dzi\u0119kuj\u0119 Niebiosom, \u017ce w takim czasie, w takim miejscu i z TAKIMI lud\u017ami przebywa\u0107 mi pozwoli\u0142y. To nie przypadek\u2026<\/p>\n<p>Jacek Konieczny<\/p>\n","protected":false},"excerpt":{"rendered":"<p>Najpro\u015bciej jest napisa\u0107, \u017ce by\u0142o zjawiskowo. Ale to bana\u0142 i komuna\u0142, kt\u00f3ry znale\u017a\u0107 mo\u017cna w relacji z ka\u017cdej promocji kremu na p\u0119kaj\u0105ce pi\u0119ty czy z wyst\u0119pu orkiestry d\u0119tej przez ochotnicz\u0105 stra\u017c po\u017carn\u0105 w G\u0142uchej Dolnej. U nas by\u0142o inaczej, u <a class=\"o-btn-more o-btn-more--blog\" href=\"https:\/\/www.akademianikona.pl\/blog\/fotoekspedycja-do-nepalu-2012-relacja-jacka-koniecznego\/\"> <span class=\"o-btn-more__text t-event-accent-color--ha-only\">Czytaj wi\u0119cej<\/span> <span class=\"o-btn-more__icon \"> <!--?xml version=\"1.0\" encoding=\"UTF-8\" standalone=\"no\"?--><svg width=\"48\" height=\"24\" viewBox=\"0 0 48 24\" xmlns=\"http:\/\/www.w3.org\/2000\/svg\"><path d=\"M36.586 18.586L41.172 14H2a2 2 0 0 1 0-4h39.172l-4.586-4.586a2 2 0 1 1 2.828-2.828l8 8c.391.39.586.902.586 1.414 0 .512-.195 1.023-.586 1.414l-8 8a2 2 0 1 1-2.828-2.828z\" class=\"show-more-right t-event-accent-color\" fill=\"none\" fill-rule=\"evenodd\"><\/path><\/svg> <\/span><\/a><\/p>\n","protected":false},"author":5,"featured_media":0,"comment_status":"open","ping_status":"closed","sticky":false,"template":"","format":"standard","meta":[],"categories":[7,5],"tags":[19,194,195,100,310],"yoast_head":"<!-- This site is optimized with the Yoast SEO plugin v18.0 - https:\/\/yoast.com\/wordpress\/plugins\/seo\/ -->\n<title>Fotoekspedycja do Nepalu 2012 - relacje uczestnik\u00f3w - relacja Jacka Koniecznego - Akademia Nikona<\/title>\n<meta name=\"robots\" content=\"index, follow, max-snippet:-1, max-image-preview:large, max-video-preview:-1\" \/>\n<link rel=\"canonical\" href=\"https:\/\/www.akademianikona.pl\/blog\/fotoekspedycja-do-nepalu-2012-relacja-jacka-koniecznego\/\" \/>\n<meta property=\"og:locale\" content=\"pl_PL\" \/>\n<meta property=\"og:type\" content=\"article\" \/>\n<meta property=\"og:title\" content=\"Fotoekspedycja do Nepalu 2012 - relacje uczestnik\u00f3w - relacja Jacka Koniecznego - Akademia Nikona\" \/>\n<meta property=\"og:description\" content=\"Najpro\u015bciej jest napisa\u0107, \u017ce by\u0142o zjawiskowo. Ale to bana\u0142 i komuna\u0142, kt\u00f3ry znale\u017a\u0107 mo\u017cna w relacji z ka\u017cdej promocji kremu na p\u0119kaj\u0105ce pi\u0119ty czy z wyst\u0119pu orkiestry d\u0119tej przez ochotnicz\u0105 stra\u017c po\u017carn\u0105 w G\u0142uchej Dolnej. U nas by\u0142o inaczej, u Czytaj wi\u0119cej\" \/>\n<meta property=\"og:url\" content=\"https:\/\/www.akademianikona.pl\/blog\/fotoekspedycja-do-nepalu-2012-relacja-jacka-koniecznego\/\" \/>\n<meta property=\"og:site_name\" content=\"Akademia Nikona\" \/>\n<meta property=\"article:published_time\" content=\"2012-03-27T11:29:17+00:00\" \/>\n<meta property=\"article:modified_time\" content=\"2025-06-11T18:53:17+00:00\" \/>\n<meta property=\"og:image\" content=\"http:\/\/www.akademianikona.pl\/blog\/wp-content\/uploads\/2012\/03\/JK_Nepal2012_-1.jpg\" \/>\n<meta name=\"twitter:card\" content=\"summary_large_image\" \/>\n<meta name=\"twitter:label1\" content=\"Napisane przez\" \/>\n\t<meta name=\"twitter:data1\" content=\"Micha\u0142 Leja\" \/>\n\t<meta name=\"twitter:label2\" content=\"Szacowany czas czytania\" \/>\n\t<meta name=\"twitter:data2\" content=\"4 minuty\" \/>\n<script type=\"application\/ld+json\" class=\"yoast-schema-graph\">{\"@context\":\"https:\/\/schema.org\",\"@graph\":[{\"@type\":\"WebSite\",\"@id\":\"https:\/\/www.akademianikona.pl\/blog\/#website\",\"url\":\"https:\/\/www.akademianikona.pl\/blog\/\",\"name\":\"Akademia Nikona\",\"description\":\"Blog fotograficzny Nikona - fotografia artystyczna\",\"potentialAction\":[{\"@type\":\"SearchAction\",\"target\":{\"@type\":\"EntryPoint\",\"urlTemplate\":\"https:\/\/www.akademianikona.pl\/blog\/?s={search_term_string}\"},\"query-input\":\"required name=search_term_string\"}],\"inLanguage\":\"pl-PL\"},{\"@type\":\"ImageObject\",\"@id\":\"https:\/\/www.akademianikona.pl\/blog\/fotoekspedycja-do-nepalu-2012-relacja-jacka-koniecznego\/#primaryimage\",\"inLanguage\":\"pl-PL\",\"url\":\"http:\/\/www.akademianikona.pl\/blog\/wp-content\/uploads\/2012\/03\/JK_Nepal2012_-1.jpg\",\"contentUrl\":\"http:\/\/www.akademianikona.pl\/blog\/wp-content\/uploads\/2012\/03\/JK_Nepal2012_-1.jpg\"},{\"@type\":\"WebPage\",\"@id\":\"https:\/\/www.akademianikona.pl\/blog\/fotoekspedycja-do-nepalu-2012-relacja-jacka-koniecznego\/#webpage\",\"url\":\"https:\/\/www.akademianikona.pl\/blog\/fotoekspedycja-do-nepalu-2012-relacja-jacka-koniecznego\/\",\"name\":\"Fotoekspedycja do Nepalu 2012 - relacje uczestnik\u00f3w - relacja Jacka Koniecznego - Akademia Nikona\",\"isPartOf\":{\"@id\":\"https:\/\/www.akademianikona.pl\/blog\/#website\"},\"primaryImageOfPage\":{\"@id\":\"https:\/\/www.akademianikona.pl\/blog\/fotoekspedycja-do-nepalu-2012-relacja-jacka-koniecznego\/#primaryimage\"},\"datePublished\":\"2012-03-27T11:29:17+00:00\",\"dateModified\":\"2025-06-11T18:53:17+00:00\",\"author\":{\"@id\":\"https:\/\/www.akademianikona.pl\/blog\/#\/schema\/person\/968baa10d5cdd62ca4bfdf2f3b0a27fb\"},\"breadcrumb\":{\"@id\":\"https:\/\/www.akademianikona.pl\/blog\/fotoekspedycja-do-nepalu-2012-relacja-jacka-koniecznego\/#breadcrumb\"},\"inLanguage\":\"pl-PL\",\"potentialAction\":[{\"@type\":\"ReadAction\",\"target\":[\"https:\/\/www.akademianikona.pl\/blog\/fotoekspedycja-do-nepalu-2012-relacja-jacka-koniecznego\/\"]}]},{\"@type\":\"BreadcrumbList\",\"@id\":\"https:\/\/www.akademianikona.pl\/blog\/fotoekspedycja-do-nepalu-2012-relacja-jacka-koniecznego\/#breadcrumb\",\"itemListElement\":[{\"@type\":\"ListItem\",\"position\":1,\"name\":\"Strona g\u0142\u00f3wna\",\"item\":\"https:\/\/www.akademianikona.pl\/blog\/\"},{\"@type\":\"ListItem\",\"position\":2,\"name\":\"Fotoekspedycja do Nepalu 2012 &#8211; relacje uczestnik\u00f3w &#8211; relacja Jacka Koniecznego\"}]},{\"@type\":\"Person\",\"@id\":\"https:\/\/www.akademianikona.pl\/blog\/#\/schema\/person\/968baa10d5cdd62ca4bfdf2f3b0a27fb\",\"name\":\"Micha\u0142 Leja\",\"image\":{\"@type\":\"ImageObject\",\"@id\":\"https:\/\/www.akademianikona.pl\/blog\/#personlogo\",\"inLanguage\":\"pl-PL\",\"url\":\"https:\/\/secure.gravatar.com\/avatar\/27c184c1aa71608233b4fca962ceb899?s=96&d=mm&r=g\",\"contentUrl\":\"https:\/\/secure.gravatar.com\/avatar\/27c184c1aa71608233b4fca962ceb899?s=96&d=mm&r=g\",\"caption\":\"Micha\u0142 Leja\"},\"url\":\"https:\/\/www.akademianikona.pl\/blog\/author\/mleja\/\"}]}<\/script>\n<!-- \/ Yoast SEO plugin. -->","yoast_head_json":{"title":"Fotoekspedycja do Nepalu 2012 - relacje uczestnik\u00f3w - relacja Jacka Koniecznego - Akademia Nikona","robots":{"index":"index","follow":"follow","max-snippet":"max-snippet:-1","max-image-preview":"max-image-preview:large","max-video-preview":"max-video-preview:-1"},"canonical":"https:\/\/www.akademianikona.pl\/blog\/fotoekspedycja-do-nepalu-2012-relacja-jacka-koniecznego\/","og_locale":"pl_PL","og_type":"article","og_title":"Fotoekspedycja do Nepalu 2012 - relacje uczestnik\u00f3w - relacja Jacka Koniecznego - Akademia Nikona","og_description":"Najpro\u015bciej jest napisa\u0107, \u017ce by\u0142o zjawiskowo. Ale to bana\u0142 i komuna\u0142, kt\u00f3ry znale\u017a\u0107 mo\u017cna w relacji z ka\u017cdej promocji kremu na p\u0119kaj\u0105ce pi\u0119ty czy z wyst\u0119pu orkiestry d\u0119tej przez ochotnicz\u0105 stra\u017c po\u017carn\u0105 w G\u0142uchej Dolnej. U nas by\u0142o inaczej, u Czytaj wi\u0119cej","og_url":"https:\/\/www.akademianikona.pl\/blog\/fotoekspedycja-do-nepalu-2012-relacja-jacka-koniecznego\/","og_site_name":"Akademia Nikona","article_published_time":"2012-03-27T11:29:17+00:00","article_modified_time":"2025-06-11T18:53:17+00:00","og_image":[{"url":"http:\/\/www.akademianikona.pl\/blog\/wp-content\/uploads\/2012\/03\/JK_Nepal2012_-1.jpg"}],"twitter_card":"summary_large_image","twitter_misc":{"Napisane przez":"Micha\u0142 Leja","Szacowany czas czytania":"4 minuty"},"schema":{"@context":"https:\/\/schema.org","@graph":[{"@type":"WebSite","@id":"https:\/\/www.akademianikona.pl\/blog\/#website","url":"https:\/\/www.akademianikona.pl\/blog\/","name":"Akademia Nikona","description":"Blog fotograficzny Nikona - fotografia artystyczna","potentialAction":[{"@type":"SearchAction","target":{"@type":"EntryPoint","urlTemplate":"https:\/\/www.akademianikona.pl\/blog\/?s={search_term_string}"},"query-input":"required name=search_term_string"}],"inLanguage":"pl-PL"},{"@type":"ImageObject","@id":"https:\/\/www.akademianikona.pl\/blog\/fotoekspedycja-do-nepalu-2012-relacja-jacka-koniecznego\/#primaryimage","inLanguage":"pl-PL","url":"http:\/\/www.akademianikona.pl\/blog\/wp-content\/uploads\/2012\/03\/JK_Nepal2012_-1.jpg","contentUrl":"http:\/\/www.akademianikona.pl\/blog\/wp-content\/uploads\/2012\/03\/JK_Nepal2012_-1.jpg"},{"@type":"WebPage","@id":"https:\/\/www.akademianikona.pl\/blog\/fotoekspedycja-do-nepalu-2012-relacja-jacka-koniecznego\/#webpage","url":"https:\/\/www.akademianikona.pl\/blog\/fotoekspedycja-do-nepalu-2012-relacja-jacka-koniecznego\/","name":"Fotoekspedycja do Nepalu 2012 - relacje uczestnik\u00f3w - relacja Jacka Koniecznego - Akademia Nikona","isPartOf":{"@id":"https:\/\/www.akademianikona.pl\/blog\/#website"},"primaryImageOfPage":{"@id":"https:\/\/www.akademianikona.pl\/blog\/fotoekspedycja-do-nepalu-2012-relacja-jacka-koniecznego\/#primaryimage"},"datePublished":"2012-03-27T11:29:17+00:00","dateModified":"2025-06-11T18:53:17+00:00","author":{"@id":"https:\/\/www.akademianikona.pl\/blog\/#\/schema\/person\/968baa10d5cdd62ca4bfdf2f3b0a27fb"},"breadcrumb":{"@id":"https:\/\/www.akademianikona.pl\/blog\/fotoekspedycja-do-nepalu-2012-relacja-jacka-koniecznego\/#breadcrumb"},"inLanguage":"pl-PL","potentialAction":[{"@type":"ReadAction","target":["https:\/\/www.akademianikona.pl\/blog\/fotoekspedycja-do-nepalu-2012-relacja-jacka-koniecznego\/"]}]},{"@type":"BreadcrumbList","@id":"https:\/\/www.akademianikona.pl\/blog\/fotoekspedycja-do-nepalu-2012-relacja-jacka-koniecznego\/#breadcrumb","itemListElement":[{"@type":"ListItem","position":1,"name":"Strona g\u0142\u00f3wna","item":"https:\/\/www.akademianikona.pl\/blog\/"},{"@type":"ListItem","position":2,"name":"Fotoekspedycja do Nepalu 2012 &#8211; relacje uczestnik\u00f3w &#8211; relacja Jacka Koniecznego"}]},{"@type":"Person","@id":"https:\/\/www.akademianikona.pl\/blog\/#\/schema\/person\/968baa10d5cdd62ca4bfdf2f3b0a27fb","name":"Micha\u0142 Leja","image":{"@type":"ImageObject","@id":"https:\/\/www.akademianikona.pl\/blog\/#personlogo","inLanguage":"pl-PL","url":"https:\/\/secure.gravatar.com\/avatar\/27c184c1aa71608233b4fca962ceb899?s=96&d=mm&r=g","contentUrl":"https:\/\/secure.gravatar.com\/avatar\/27c184c1aa71608233b4fca962ceb899?s=96&d=mm&r=g","caption":"Micha\u0142 Leja"},"url":"https:\/\/www.akademianikona.pl\/blog\/author\/mleja\/"}]}},"_links":{"self":[{"href":"https:\/\/www.akademianikona.pl\/blog\/wp-json\/wp\/v2\/posts\/7529"}],"collection":[{"href":"https:\/\/www.akademianikona.pl\/blog\/wp-json\/wp\/v2\/posts"}],"about":[{"href":"https:\/\/www.akademianikona.pl\/blog\/wp-json\/wp\/v2\/types\/post"}],"author":[{"embeddable":true,"href":"https:\/\/www.akademianikona.pl\/blog\/wp-json\/wp\/v2\/users\/5"}],"replies":[{"embeddable":true,"href":"https:\/\/www.akademianikona.pl\/blog\/wp-json\/wp\/v2\/comments?post=7529"}],"version-history":[{"count":27,"href":"https:\/\/www.akademianikona.pl\/blog\/wp-json\/wp\/v2\/posts\/7529\/revisions"}],"predecessor-version":[{"id":26316,"href":"https:\/\/www.akademianikona.pl\/blog\/wp-json\/wp\/v2\/posts\/7529\/revisions\/26316"}],"wp:attachment":[{"href":"https:\/\/www.akademianikona.pl\/blog\/wp-json\/wp\/v2\/media?parent=7529"}],"wp:term":[{"taxonomy":"category","embeddable":true,"href":"https:\/\/www.akademianikona.pl\/blog\/wp-json\/wp\/v2\/categories?post=7529"},{"taxonomy":"post_tag","embeddable":true,"href":"https:\/\/www.akademianikona.pl\/blog\/wp-json\/wp\/v2\/tags?post=7529"}],"curies":[{"name":"wp","href":"https:\/\/api.w.org\/{rel}","templated":true}]}}