{"id":7783,"date":"2012-04-04T09:36:16","date_gmt":"2012-04-04T07:36:16","guid":{"rendered":"http:\/\/www.akademianikona.pl\/blog\/?p=7783"},"modified":"2012-05-12T11:57:01","modified_gmt":"2012-05-12T09:57:01","slug":"edycja-zdjec-i-przygotowanie-do-publikacji-online-warszawa-22-marca-2012","status":"publish","type":"post","link":"https:\/\/www.akademianikona.pl\/blog\/edycja-zdjec-i-przygotowanie-do-publikacji-online-warszawa-22-marca-2012\/","title":{"rendered":"Edycja zdj\u0119\u0107 i przygotowanie do publikacji online. Warszawa, 22 marca 2012."},"content":{"rendered":"<div id=\"attachment_7784\" style=\"width: 550px\" class=\"wp-caption aligncenter\"><a href=\"https:\/\/www.akademianikona.pl\/blog\/wp-content\/uploads\/2012\/04\/MA_045177.jpg\"><img aria-describedby=\"caption-attachment-7784\" loading=\"lazy\" class=\"size-full wp-image-7784 \" title=\"Ma\u0142gorzata Abramowska\" src=\"https:\/\/www.akademianikona.pl\/blog\/wp-content\/uploads\/2012\/04\/MA_045177.jpg\" alt=\"\" width=\"540\" height=\"463\" srcset=\"https:\/\/www.akademianikona.pl\/blog\/wp-content\/uploads\/2012\/04\/MA_045177.jpg 900w, https:\/\/www.akademianikona.pl\/blog\/wp-content\/uploads\/2012\/04\/MA_045177-300x257.jpg 300w\" sizes=\"(max-width: 540px) 100vw, 540px\" \/><\/a><p id=\"caption-attachment-7784\" class=\"wp-caption-text\">fot. Ma\u0142gorzata Abramowska<\/p><\/div>\n<p><!--more-->To by\u0142 dla wszystkich pierwszy raz\u2026 Tym razem sze\u015b\u0107 kobiet (w tym jedna w kuchni) i wyk\u0142adowca. Spotkanie bardzo intensywne, pe\u0142ne pyta\u0144 i odpowiedzi. Uczestnicy uczyli si\u0119 procesu edycji i przygotowania swoich zdj\u0119\u0107 do dalszej publikacji w mediach internetowych. Nie jest tajemnic\u0105, \u017ce nacisn\u0105\u0107 spust migawki jest \u0142atwo, lecz co zrobi\u0107, \u017ceby potem zachwyci\u0107? W przerwach \u2013 ksi\u0105\u017cki, kulinaria i ciekawe rozmowy. Na lunch lasagna ze szpinakiem, cukini\u0105 i <a rel=\"nofollow\" href=\"http:\/\/illucucina.blogspot.com\/2008\/08\/adio-pomidory.html\">domowymi pomidorami<\/a> i <a rel=\"nofollow\" href=\"http:\/\/illucucina.blogspot.com\/2012\/03\/saatka-rukola-burak-feta-i-kieki.html\">sa\u0142atka<\/a> pod has\u0142em: \u201ejak dotrwa\u0107 do prawdziwej wiosny w \u0142adnych kolorach\u201d. Mamy nadziej\u0119, \u017ce spotkamy si\u0119 jeszcze nie raz.<\/p>\n<p>A <a href=\"https:\/\/www.akademianikona.pl\/warsztaty\/70\/edycja-zdjec-i-przygotowanie-do-publikacji-online\/\">kolejna edycja<\/a> ju\u017c w maju. Zapraszamy te\u017c Pan\u00f3w \ud83d\ude09<\/p>\n<p>&nbsp;<\/p>\n<div class=\"gallery\"><section id='gallery-1' class='clearfix gallery galleryid-7783 gallery-columns-3 gallery-size-thumbnail'><div class=\"gallery-row\">\r\n\t\t\t\t\t<figure class=\"gallery-item\">\r\n\t\t\t\t\t\t<a title=\"MA 045177\"  href='https:\/\/www.akademianikona.pl\/blog\/wp-content\/uploads\/2012\/04\/MA_045177.jpg'><img width=\"150\" height=\"150\" src=\"https:\/\/www.akademianikona.pl\/blog\/wp-content\/uploads\/2012\/04\/MA_045177-150x150.jpg\" class=\"attachment-thumbnail size-thumbnail\" alt=\"MA 045177\" loading=\"lazy\" \/><\/a>\r\n\t\t\t\t\t\r\n\t\t\t\t\t\t<figcaption class=\"gallery-caption\">\r\n\t\t\t\t\t\tMA 045177\r\n\t\t\t\t\t\t<\/figcaption><\/figure>\r\n\t\t\t\t\t<figure class=\"gallery-item\">\r\n\t\t\t\t\t\t<a title=\"MA 045165\"  href='https:\/\/www.akademianikona.pl\/blog\/wp-content\/uploads\/2012\/04\/MA_045165.jpg'><img width=\"150\" height=\"150\" src=\"https:\/\/www.akademianikona.pl\/blog\/wp-content\/uploads\/2012\/04\/MA_045165-150x150.jpg\" class=\"attachment-thumbnail size-thumbnail\" alt=\"MA 045165\" loading=\"lazy\" \/><\/a>\r\n\t\t\t\t\t\r\n\t\t\t\t\t\t<figcaption class=\"gallery-caption\">\r\n\t\t\t\t\t\tMA 045165\r\n\t\t\t\t\t\t<\/figcaption><\/figure>\r\n\t\t\t\t\t<figure class=\"gallery-item\">\r\n\t\t\t\t\t\t<a title=\"MA 045186\"  href='https:\/\/www.akademianikona.pl\/blog\/wp-content\/uploads\/2012\/04\/MA_045186.jpg'><img width=\"150\" height=\"150\" src=\"https:\/\/www.akademianikona.pl\/blog\/wp-content\/uploads\/2012\/04\/MA_045186-150x150.jpg\" class=\"attachment-thumbnail size-thumbnail\" alt=\"MA 045186\" loading=\"lazy\" \/><\/a>\r\n\t\t\t\t\t\r\n\t\t\t\t\t\t<figcaption class=\"gallery-caption\">\r\n\t\t\t\t\t\tMA 045186\r\n\t\t\t\t\t\t<\/figcaption><\/figure><\/div><\/section>\n<\/div>\n","protected":false},"excerpt":{"rendered":"<p> <a class=\"o-btn-more o-btn-more--blog\" href=\"https:\/\/www.akademianikona.pl\/blog\/edycja-zdjec-i-przygotowanie-do-publikacji-online-warszawa-22-marca-2012\/\"> <span class=\"o-btn-more__text t-event-accent-color--ha-only\">Czytaj wi\u0119cej<\/span> <span class=\"o-btn-more__icon \"> <!--?xml version=\"1.0\" encoding=\"UTF-8\" standalone=\"no\"?--><svg width=\"48\" height=\"24\" viewBox=\"0 0 48 24\" xmlns=\"http:\/\/www.w3.org\/2000\/svg\"><path d=\"M36.586 18.586L41.172 14H2a2 2 0 0 1 0-4h39.172l-4.586-4.586a2 2 0 1 1 2.828-2.828l8 8c.391.39.586.902.586 1.414 0 .512-.195 1.023-.586 1.414l-8 8a2 2 0 1 1-2.828-2.828z\" class=\"show-more-right t-event-accent-color\" fill=\"none\" fill-rule=\"evenodd\"><\/path><\/svg> <\/span><\/a><\/p>\n","protected":false},"author":5,"featured_media":0,"comment_status":"open","ping_status":"closed","sticky":false,"template":"","format":"standard","meta":[],"categories":[9,5],"tags":[19,87,98,319,303,195,248,258,322],"yoast_head":"<!-- This site is optimized with the Yoast SEO plugin v18.0 - https:\/\/yoast.com\/wordpress\/plugins\/seo\/ -->\n<title>Edycja zdj\u0119\u0107 i przygotowanie do publikacji online. Warszawa, 22 marca 2012. - Akademia Nikona<\/title>\n<meta name=\"robots\" content=\"index, follow, max-snippet:-1, max-image-preview:large, max-video-preview:-1\" \/>\n<link rel=\"canonical\" href=\"https:\/\/www.akademianikona.pl\/blog\/edycja-zdjec-i-przygotowanie-do-publikacji-online-warszawa-22-marca-2012\/\" \/>\n<meta property=\"og:locale\" content=\"pl_PL\" \/>\n<meta property=\"og:type\" content=\"article\" \/>\n<meta property=\"og:title\" content=\"Edycja zdj\u0119\u0107 i przygotowanie do publikacji online. Warszawa, 22 marca 2012. - Akademia Nikona\" \/>\n<meta property=\"og:description\" content=\"Czytaj wi\u0119cej\" \/>\n<meta property=\"og:url\" content=\"https:\/\/www.akademianikona.pl\/blog\/edycja-zdjec-i-przygotowanie-do-publikacji-online-warszawa-22-marca-2012\/\" \/>\n<meta property=\"og:site_name\" content=\"Akademia Nikona\" \/>\n<meta property=\"article:published_time\" content=\"2012-04-04T07:36:16+00:00\" \/>\n<meta property=\"article:modified_time\" content=\"2012-05-12T09:57:01+00:00\" \/>\n<meta property=\"og:image\" content=\"https:\/\/www.akademianikona.pl\/blog\/wp-content\/uploads\/2012\/04\/MA_045177-150x150.jpg\" \/>\n<meta name=\"twitter:card\" content=\"summary_large_image\" \/>\n<meta name=\"twitter:label1\" content=\"Napisane przez\" \/>\n\t<meta name=\"twitter:data1\" content=\"Micha\u0142 Leja\" \/>\n\t<meta name=\"twitter:label2\" content=\"Szacowany czas czytania\" \/>\n\t<meta name=\"twitter:data2\" content=\"1 minuta\" \/>\n<script type=\"application\/ld+json\" class=\"yoast-schema-graph\">{\"@context\":\"https:\/\/schema.org\",\"@graph\":[{\"@type\":\"WebSite\",\"@id\":\"https:\/\/www.akademianikona.pl\/blog\/#website\",\"url\":\"https:\/\/www.akademianikona.pl\/blog\/\",\"name\":\"Akademia Nikona\",\"description\":\"Blog fotograficzny Nikona - fotografia artystyczna\",\"potentialAction\":[{\"@type\":\"SearchAction\",\"target\":{\"@type\":\"EntryPoint\",\"urlTemplate\":\"https:\/\/www.akademianikona.pl\/blog\/?s={search_term_string}\"},\"query-input\":\"required name=search_term_string\"}],\"inLanguage\":\"pl-PL\"},{\"@type\":\"ImageObject\",\"@id\":\"https:\/\/www.akademianikona.pl\/blog\/edycja-zdjec-i-przygotowanie-do-publikacji-online-warszawa-22-marca-2012\/#primaryimage\",\"inLanguage\":\"pl-PL\",\"url\":\"http:\/\/www.akademianikona.pl\/blog\/wp-content\/uploads\/2012\/04\/MA_045177.jpg\",\"contentUrl\":\"http:\/\/www.akademianikona.pl\/blog\/wp-content\/uploads\/2012\/04\/MA_045177.jpg\"},{\"@type\":\"WebPage\",\"@id\":\"https:\/\/www.akademianikona.pl\/blog\/edycja-zdjec-i-przygotowanie-do-publikacji-online-warszawa-22-marca-2012\/#webpage\",\"url\":\"https:\/\/www.akademianikona.pl\/blog\/edycja-zdjec-i-przygotowanie-do-publikacji-online-warszawa-22-marca-2012\/\",\"name\":\"Edycja zdj\u0119\u0107 i przygotowanie do publikacji online. Warszawa, 22 marca 2012. - Akademia Nikona\",\"isPartOf\":{\"@id\":\"https:\/\/www.akademianikona.pl\/blog\/#website\"},\"primaryImageOfPage\":{\"@id\":\"https:\/\/www.akademianikona.pl\/blog\/edycja-zdjec-i-przygotowanie-do-publikacji-online-warszawa-22-marca-2012\/#primaryimage\"},\"datePublished\":\"2012-04-04T07:36:16+00:00\",\"dateModified\":\"2012-05-12T09:57:01+00:00\",\"author\":{\"@id\":\"https:\/\/www.akademianikona.pl\/blog\/#\/schema\/person\/968baa10d5cdd62ca4bfdf2f3b0a27fb\"},\"breadcrumb\":{\"@id\":\"https:\/\/www.akademianikona.pl\/blog\/edycja-zdjec-i-przygotowanie-do-publikacji-online-warszawa-22-marca-2012\/#breadcrumb\"},\"inLanguage\":\"pl-PL\",\"potentialAction\":[{\"@type\":\"ReadAction\",\"target\":[\"https:\/\/www.akademianikona.pl\/blog\/edycja-zdjec-i-przygotowanie-do-publikacji-online-warszawa-22-marca-2012\/\"]}]},{\"@type\":\"BreadcrumbList\",\"@id\":\"https:\/\/www.akademianikona.pl\/blog\/edycja-zdjec-i-przygotowanie-do-publikacji-online-warszawa-22-marca-2012\/#breadcrumb\",\"itemListElement\":[{\"@type\":\"ListItem\",\"position\":1,\"name\":\"Strona g\u0142\u00f3wna\",\"item\":\"https:\/\/www.akademianikona.pl\/blog\/\"},{\"@type\":\"ListItem\",\"position\":2,\"name\":\"Edycja zdj\u0119\u0107 i przygotowanie do publikacji online. Warszawa, 22 marca 2012.\"}]},{\"@type\":\"Person\",\"@id\":\"https:\/\/www.akademianikona.pl\/blog\/#\/schema\/person\/968baa10d5cdd62ca4bfdf2f3b0a27fb\",\"name\":\"Micha\u0142 Leja\",\"image\":{\"@type\":\"ImageObject\",\"@id\":\"https:\/\/www.akademianikona.pl\/blog\/#personlogo\",\"inLanguage\":\"pl-PL\",\"url\":\"https:\/\/secure.gravatar.com\/avatar\/27c184c1aa71608233b4fca962ceb899?s=96&d=mm&r=g\",\"contentUrl\":\"https:\/\/secure.gravatar.com\/avatar\/27c184c1aa71608233b4fca962ceb899?s=96&d=mm&r=g\",\"caption\":\"Micha\u0142 Leja\"},\"url\":\"https:\/\/www.akademianikona.pl\/blog\/author\/mleja\/\"}]}<\/script>\n<!-- \/ Yoast SEO plugin. -->","yoast_head_json":{"title":"Edycja zdj\u0119\u0107 i przygotowanie do publikacji online. Warszawa, 22 marca 2012. - Akademia Nikona","robots":{"index":"index","follow":"follow","max-snippet":"max-snippet:-1","max-image-preview":"max-image-preview:large","max-video-preview":"max-video-preview:-1"},"canonical":"https:\/\/www.akademianikona.pl\/blog\/edycja-zdjec-i-przygotowanie-do-publikacji-online-warszawa-22-marca-2012\/","og_locale":"pl_PL","og_type":"article","og_title":"Edycja zdj\u0119\u0107 i przygotowanie do publikacji online. Warszawa, 22 marca 2012. - Akademia Nikona","og_description":"Czytaj wi\u0119cej","og_url":"https:\/\/www.akademianikona.pl\/blog\/edycja-zdjec-i-przygotowanie-do-publikacji-online-warszawa-22-marca-2012\/","og_site_name":"Akademia Nikona","article_published_time":"2012-04-04T07:36:16+00:00","article_modified_time":"2012-05-12T09:57:01+00:00","og_image":[{"url":"https:\/\/www.akademianikona.pl\/blog\/wp-content\/uploads\/2012\/04\/MA_045177-150x150.jpg"}],"twitter_card":"summary_large_image","twitter_misc":{"Napisane przez":"Micha\u0142 Leja","Szacowany czas czytania":"1 minuta"},"schema":{"@context":"https:\/\/schema.org","@graph":[{"@type":"WebSite","@id":"https:\/\/www.akademianikona.pl\/blog\/#website","url":"https:\/\/www.akademianikona.pl\/blog\/","name":"Akademia Nikona","description":"Blog fotograficzny Nikona - fotografia artystyczna","potentialAction":[{"@type":"SearchAction","target":{"@type":"EntryPoint","urlTemplate":"https:\/\/www.akademianikona.pl\/blog\/?s={search_term_string}"},"query-input":"required name=search_term_string"}],"inLanguage":"pl-PL"},{"@type":"ImageObject","@id":"https:\/\/www.akademianikona.pl\/blog\/edycja-zdjec-i-przygotowanie-do-publikacji-online-warszawa-22-marca-2012\/#primaryimage","inLanguage":"pl-PL","url":"http:\/\/www.akademianikona.pl\/blog\/wp-content\/uploads\/2012\/04\/MA_045177.jpg","contentUrl":"http:\/\/www.akademianikona.pl\/blog\/wp-content\/uploads\/2012\/04\/MA_045177.jpg"},{"@type":"WebPage","@id":"https:\/\/www.akademianikona.pl\/blog\/edycja-zdjec-i-przygotowanie-do-publikacji-online-warszawa-22-marca-2012\/#webpage","url":"https:\/\/www.akademianikona.pl\/blog\/edycja-zdjec-i-przygotowanie-do-publikacji-online-warszawa-22-marca-2012\/","name":"Edycja zdj\u0119\u0107 i przygotowanie do publikacji online. Warszawa, 22 marca 2012. - Akademia Nikona","isPartOf":{"@id":"https:\/\/www.akademianikona.pl\/blog\/#website"},"primaryImageOfPage":{"@id":"https:\/\/www.akademianikona.pl\/blog\/edycja-zdjec-i-przygotowanie-do-publikacji-online-warszawa-22-marca-2012\/#primaryimage"},"datePublished":"2012-04-04T07:36:16+00:00","dateModified":"2012-05-12T09:57:01+00:00","author":{"@id":"https:\/\/www.akademianikona.pl\/blog\/#\/schema\/person\/968baa10d5cdd62ca4bfdf2f3b0a27fb"},"breadcrumb":{"@id":"https:\/\/www.akademianikona.pl\/blog\/edycja-zdjec-i-przygotowanie-do-publikacji-online-warszawa-22-marca-2012\/#breadcrumb"},"inLanguage":"pl-PL","potentialAction":[{"@type":"ReadAction","target":["https:\/\/www.akademianikona.pl\/blog\/edycja-zdjec-i-przygotowanie-do-publikacji-online-warszawa-22-marca-2012\/"]}]},{"@type":"BreadcrumbList","@id":"https:\/\/www.akademianikona.pl\/blog\/edycja-zdjec-i-przygotowanie-do-publikacji-online-warszawa-22-marca-2012\/#breadcrumb","itemListElement":[{"@type":"ListItem","position":1,"name":"Strona g\u0142\u00f3wna","item":"https:\/\/www.akademianikona.pl\/blog\/"},{"@type":"ListItem","position":2,"name":"Edycja zdj\u0119\u0107 i przygotowanie do publikacji online. Warszawa, 22 marca 2012."}]},{"@type":"Person","@id":"https:\/\/www.akademianikona.pl\/blog\/#\/schema\/person\/968baa10d5cdd62ca4bfdf2f3b0a27fb","name":"Micha\u0142 Leja","image":{"@type":"ImageObject","@id":"https:\/\/www.akademianikona.pl\/blog\/#personlogo","inLanguage":"pl-PL","url":"https:\/\/secure.gravatar.com\/avatar\/27c184c1aa71608233b4fca962ceb899?s=96&d=mm&r=g","contentUrl":"https:\/\/secure.gravatar.com\/avatar\/27c184c1aa71608233b4fca962ceb899?s=96&d=mm&r=g","caption":"Micha\u0142 Leja"},"url":"https:\/\/www.akademianikona.pl\/blog\/author\/mleja\/"}]}},"_links":{"self":[{"href":"https:\/\/www.akademianikona.pl\/blog\/wp-json\/wp\/v2\/posts\/7783"}],"collection":[{"href":"https:\/\/www.akademianikona.pl\/blog\/wp-json\/wp\/v2\/posts"}],"about":[{"href":"https:\/\/www.akademianikona.pl\/blog\/wp-json\/wp\/v2\/types\/post"}],"author":[{"embeddable":true,"href":"https:\/\/www.akademianikona.pl\/blog\/wp-json\/wp\/v2\/users\/5"}],"replies":[{"embeddable":true,"href":"https:\/\/www.akademianikona.pl\/blog\/wp-json\/wp\/v2\/comments?post=7783"}],"version-history":[{"count":13,"href":"https:\/\/www.akademianikona.pl\/blog\/wp-json\/wp\/v2\/posts\/7783\/revisions"}],"predecessor-version":[{"id":8307,"href":"https:\/\/www.akademianikona.pl\/blog\/wp-json\/wp\/v2\/posts\/7783\/revisions\/8307"}],"wp:attachment":[{"href":"https:\/\/www.akademianikona.pl\/blog\/wp-json\/wp\/v2\/media?parent=7783"}],"wp:term":[{"taxonomy":"category","embeddable":true,"href":"https:\/\/www.akademianikona.pl\/blog\/wp-json\/wp\/v2\/categories?post=7783"},{"taxonomy":"post_tag","embeddable":true,"href":"https:\/\/www.akademianikona.pl\/blog\/wp-json\/wp\/v2\/tags?post=7783"}],"curies":[{"name":"wp","href":"https:\/\/api.w.org\/{rel}","templated":true}]}}